[{"command":"showMoreTeasers","id":"del--paragraph-697768","content":"\u003Ca href=\u0022https:\/\/www.erneuerbareenergien.de\/ere-webinar-ads-tec-251\u0022  class=\u0022teaser teaser--standard\u0022 aria-label=\u0022Webinar am 4.12.: Vom Kostenfaktor zum Effizienztreiber \u2013 wie intelligente Schnellladel\u00f6sungen die Gesamtkosten Ihrer Flotte reduzieren\u0022\u003E\n      \u003Cdiv class=\u0022teaser-content--image\u0022\u003E\n              \u003Cpicture\u003E\n                        \u003Csource srcset=\u0022\/sites\/default\/files\/styles\/teaser_standard__m\/public\/2025-11\/ere-vorlage_2.png.webp?itok=H6bNQicQ 1x\u0022 media=\u0022(min-width: 48.0625em) and (max-width: 64em)\u0022 type=\u0022image\/webp\u0022 width=\u0022323\u0022 height=\u0022174\u0022\/\u003E\n                  \u003Csource srcset=\u0022\/sites\/default\/files\/styles\/teaser_standard__l\/public\/2025-11\/ere-vorlage_2.png.webp?itok=alrujwap 1x\u0022 media=\u0022(min-width: 64.0625em)\u0022 type=\u0022image\/webp\u0022 width=\u0022203\u0022 height=\u0022109\u0022\/\u003E\n                  \u003Csource srcset=\u0022\/sites\/default\/files\/styles\/teaser_standard__m\/public\/2025-11\/ere-vorlage_2.png?itok=Lcrc0zyO 1x\u0022 media=\u0022(min-width: 48.0625em) and (max-width: 64em)\u0022 type=\u0022image\/png\u0022 width=\u0022323\u0022 height=\u0022174\u0022\/\u003E\n                  \u003Csource srcset=\u0022\/sites\/default\/files\/styles\/teaser_standard__l\/public\/2025-11\/ere-vorlage_2.png?itok=Ty1ClydB 1x\u0022 media=\u0022(min-width: 64.0625em)\u0022 type=\u0022image\/png\u0022 width=\u0022203\u0022 height=\u0022109\u0022\/\u003E\n                          \u003Cimg loading=\u0022eager\u0022 data-caption-hide width=\u0022708\u0022 height=\u0022381\u0022 data-zoomed=\u0022https:\/\/www.erneuerbareenergien.de\/sites\/default\/files\/styles\/content__zoomed\/public\/2025-11\/ere-vorlage_2.png?itok=LJPV18Fm\u0022 src=\u0022\/sites\/default\/files\/styles\/teaser_standard__s\/public\/2025-11\/ere-vorlage_2.png?itok=qzbpHTMZ\u0022 alt=\u0022\u0022 title=\u0022Zwei Autos, die an einer Ladestation f\u00fcr Elektrofahrzeuge vor einem Geb\u00e4ude aufgeladen werden, mit den Logos von ads-tec und erneuerbaren Energien.\u0022 \/\u003E\n\n    \u003C\/picture\u003E\n    \n\n    \u003C\/div\u003E\n    \u003Cdiv class=\u0022teaser-content\u0022\u003E\n                    \u003Cdiv class=\u0022teaser-content--kicker\u0022\u003E\n                    \n        \u003C\/div\u003E\n                                              \n                        \n        \u003Ch4 class=\u0022teaser-content--headline\u0022\u003E\n                                Webinar am 4.12.: Vom Kostenfaktor zum Effizienztreiber \u2013 wie intelligente Schnellladel\u00f6sungen die Gesamtkosten Ihrer Flotte \n                              \u003Cspan class=\u0022headline-last-word-arrow\u0022\u003Ereduzieren                      \u003C\/span\u003E\n        \u003C\/h4\u003E\n            \u003Cdiv class=\u0022teaser-content--publishing-date\u0022\u003E\u003Ctime datetime=\u00222025-11-16T13:00:22Z\u0022\u003E16.11.2025\u003C\/time\u003E\n\u003C\/div\u003E\u003Cspan class=\u0022teaser-content--publishing-date-divider\u0022\u003E - \u003C\/span\u003E\u003Cdiv class=\u0022teaser-content--body\u0022\u003E\u003Cp\u003EErfahren Sie im Webinar am 4. Dezember, wie intelligente Schnellladel\u00f6sungen Ihre Flottenkosten senken und neue Umsatzpotenziale schaffen. Lernen Sie, wie Sie mit optimaler Ladeinfrastruktur, PV-Integration und Energiehandel Ihre Elektroflotte effizient betreiben. Praxisnah, wirtschaftlich und zukunftsorientiert \u2013 jetzt kostenlos anmelden!\u003C\/p\u003E\n\u003C\/div\u003E\n                        \u003Cspan class=\u0022read-more-arrow-container\u0022\u003E\n            \u003Cspan class=\u0022read-more-angled-arrow\u0022\u003E \u003C\/span\u003E\n          \u003C\/span\u003E\n                  \u003C\/div\u003E\n    \u003C\/a\u003E\n\u003Ca href=\u0022\/transformation\/speicher\/das-neue-rueckgrat-der-energiewende\u0022  class=\u0022teaser teaser--standard\u0022 aria-label=\u0022Das neue R\u00fcckgrat der Energiewende\u0022\u003E\n      \u003Cdiv class=\u0022teaser-content--image\u0022\u003E\n        \u003Cfigure class=\u0022image--figure\u0022\u003E\n        \u003Cpicture\u003E\n                        \u003Csource srcset=\u0022\/sites\/default\/files\/styles\/teaser_standard__m\/public\/aurora\/2025\/10\/486648.jpeg.webp?itok=m-Ab2cIW 1x\u0022 media=\u0022(min-width: 48.0625em) and (max-width: 64em)\u0022 type=\u0022image\/webp\u0022 width=\u0022323\u0022 height=\u0022182\u0022\/\u003E\n                  \u003Csource srcset=\u0022\/sites\/default\/files\/styles\/teaser_standard__l\/public\/aurora\/2025\/10\/486648.jpeg.webp?itok=FqCe-C-Y 1x\u0022 media=\u0022(min-width: 64.0625em)\u0022 type=\u0022image\/webp\u0022 width=\u0022203\u0022 height=\u0022114\u0022\/\u003E\n                  \u003Csource srcset=\u0022\/sites\/default\/files\/styles\/teaser_standard__m\/public\/aurora\/2025\/10\/486648.jpeg?itok=C3Rz_-tR 1x\u0022 media=\u0022(min-width: 48.0625em) and (max-width: 64em)\u0022 type=\u0022image\/jpeg\u0022 width=\u0022323\u0022 height=\u0022182\u0022\/\u003E\n                  \u003Csource srcset=\u0022\/sites\/default\/files\/styles\/teaser_standard__l\/public\/aurora\/2025\/10\/486648.jpeg?itok=ml1afbT7 1x\u0022 media=\u0022(min-width: 64.0625em)\u0022 type=\u0022image\/jpeg\u0022 width=\u0022203\u0022 height=\u0022114\u0022\/\u003E\n                          \u003Cimg alt=\u0022Jetzt steht die Webinar-Aufzeichnung bereit: Wie netzbildende Wechselrichter Stromnetze stabilisieren und die Grundlage f\u00fcr 100\u202fProzent erneuerbare Energie schaffen\u0022 loading=\u0022eager\u0022 data-caption-hide width=\u0022708\u0022 height=\u0022398\u0022 data-zoomed=\u0022https:\/\/www.erneuerbareenergien.de\/sites\/default\/files\/styles\/content__zoomed\/public\/aurora\/2025\/10\/486648.jpeg?itok=h5LYRA15\u0022 src=\u0022\/sites\/default\/files\/styles\/teaser_standard__s\/public\/aurora\/2025\/10\/486648.jpeg?itok=07V6knqC\u0022 title=\u0022\u00a9 Huawei FusionSolar\u0022 \/\u003E\n\n    \u003C\/picture\u003E\n      \u003Cfigcaption class=\u0022image--figcaption\u0022\u003E\n          \u003Cdiv class=\u0022copyright\u0022\u003EHuawei FusionSolar\u003C\/div\u003E\n          \u003C\/figcaption\u003E\n\u003C\/figure\u003E\n\n\n    \u003C\/div\u003E\n    \u003Cdiv class=\u0022teaser-content\u0022\u003E\n                    \u003Cdiv class=\u0022teaser-content--kicker\u0022\u003E\n                    \n        \u003C\/div\u003E\n                                              \n                        \n        \u003Ch4 class=\u0022teaser-content--headline\u0022\u003E\n                                Das neue R\u00fcckgrat der \n                              \u003Cspan class=\u0022headline-last-word-arrow\u0022\u003EEnergiewende                      \u003C\/span\u003E\n        \u003C\/h4\u003E\n            \u003Cdiv class=\u0022teaser-content--publishing-date\u0022\u003E\u003Ctime datetime=\u00222025-10-16T12:50:15Z\u0022\u003E16.10.2025\u003C\/time\u003E\n\u003C\/div\u003E\u003Cspan class=\u0022teaser-content--publishing-date-divider\u0022\u003E - \u003C\/span\u003E\u003Cdiv class=\u0022teaser-content--body\u0022\u003E\u003Cp\u003EWie Grid Forming mit netzbildenden Wechselrichtern das Stromnetz stabilisiert und die Grundlage f\u00fcr 100\u202fProzent erneuerbare Energien schafft. Ein Experte erkl\u00e4rt, worauf es ankommt.\u003C\/p\u003E\n\u003C\/div\u003E\n                        \u003Cspan class=\u0022read-more-arrow-container\u0022\u003E\n            \u003Cspan class=\u0022read-more-angled-arrow\u0022\u003E \u003C\/span\u003E\n          \u003C\/span\u003E\n                  \u003C\/div\u003E\n    \u003C\/a\u003E\n\u003Ca href=\u0022https:\/\/www.erneuerbareenergien.de\/pv-webinar-huawei-251\u0022  class=\u0022teaser teaser--standard\u0022 aria-label=\u0022Webinar am 01.10.: Grid Forming \u2013 Schl\u00fcsseltechnologie f\u00fcr 100% erneuerbare Energien? \u0022\u003E\n      \u003Cdiv class=\u0022teaser-content--image\u0022\u003E\n              \u003Cpicture\u003E\n                        \u003Csource srcset=\u0022\/sites\/default\/files\/styles\/teaser_standard__m\/public\/2025-08\/ere-vorlage.png.webp?itok=TSWW5Ntu 1x\u0022 media=\u0022(min-width: 48.0625em) and (max-width: 64em)\u0022 type=\u0022image\/webp\u0022 width=\u0022323\u0022 height=\u0022174\u0022\/\u003E\n                  \u003Csource srcset=\u0022\/sites\/default\/files\/styles\/teaser_standard__l\/public\/2025-08\/ere-vorlage.png.webp?itok=wDSqWeTi 1x\u0022 media=\u0022(min-width: 64.0625em)\u0022 type=\u0022image\/webp\u0022 width=\u0022203\u0022 height=\u0022109\u0022\/\u003E\n                  \u003Csource srcset=\u0022\/sites\/default\/files\/styles\/teaser_standard__m\/public\/2025-08\/ere-vorlage.png?itok=susSN9Bp 1x\u0022 media=\u0022(min-width: 48.0625em) and (max-width: 64em)\u0022 type=\u0022image\/png\u0022 width=\u0022323\u0022 height=\u0022174\u0022\/\u003E\n                  \u003Csource srcset=\u0022\/sites\/default\/files\/styles\/teaser_standard__l\/public\/2025-08\/ere-vorlage.png?itok=UU-_4RQ7 1x\u0022 media=\u0022(min-width: 64.0625em)\u0022 type=\u0022image\/png\u0022 width=\u0022203\u0022 height=\u0022109\u0022\/\u003E\n                          \u003Cimg loading=\u0022eager\u0022 data-caption-hide width=\u0022708\u0022 height=\u0022381\u0022 data-zoomed=\u0022https:\/\/www.erneuerbareenergien.de\/sites\/default\/files\/styles\/content__zoomed\/public\/2025-08\/ere-vorlage.png?itok=Bl_cWoC8\u0022 src=\u0022\/sites\/default\/files\/styles\/teaser_standard__s\/public\/2025-08\/ere-vorlage.png?itok=BWytZwrI\u0022 alt=\u0022\u0022 title=\u0022Reihen von Solarmodulen und wei\u00dfe Ger\u00e4tecontainer auf einem Feld, mit Stromleitungen und dem FusionSolar-Branding von Huawei.\u0022 \/\u003E\n\n    \u003C\/picture\u003E\n    \n\n    \u003C\/div\u003E\n    \u003Cdiv class=\u0022teaser-content\u0022\u003E\n                    \u003Cdiv class=\u0022teaser-content--kicker\u0022\u003E\n                    \n        \u003C\/div\u003E\n                                              \n                        \n        \u003Ch4 class=\u0022teaser-content--headline\u0022\u003E\n                                Webinar am 01.10.: Grid Forming \u2013 Schl\u00fcsseltechnologie f\u00fcr 100% erneuerbare \n                              \u003Cspan class=\u0022headline-last-word-arrow\u0022\u003EEnergien?                      \u003C\/span\u003E\n        \u003C\/h4\u003E\n            \u003Cdiv class=\u0022teaser-content--publishing-date\u0022\u003E\u003Ctime datetime=\u00222025-09-01T11:00:06Z\u0022\u003E01.09.2025\u003C\/time\u003E\n\u003C\/div\u003E\u003Cspan class=\u0022teaser-content--publishing-date-divider\u0022\u003E - \u003C\/span\u003E\u003Cdiv class=\u0022teaser-content--body\u0022\u003E\u003Cp\u003E100 % erneuerbare Energien \u2013 eine Vision oder bald Realit\u00e4t? Die Umstellung unseres Energiesystems erfordert neue L\u00f6sungen, um die Stabilit\u00e4t der Netze zu sichern. Eine Schl\u00fcsselrolle k\u00f6nnte dabei die Grid-Forming-Technologie (GFM) spielen. Doch was genau verbirgt sich dahinter? Warum ist GFM besonders f\u00fcr Batteriespeicher im Utility-Bereich relevant? Und wie kann sie den Weg zu einem vollst\u00e4ndig erneuerbaren Energiesystem ebnen?\u003C\/p\u003E\n\u003C\/div\u003E\n                        \u003Cspan class=\u0022read-more-arrow-container\u0022\u003E\n            \u003Cspan class=\u0022read-more-angled-arrow\u0022\u003E \u003C\/span\u003E\n          \u003C\/span\u003E\n                  \u003C\/div\u003E\n    \u003C\/a\u003E\n\u003Ca href=\u0022\/technologie\/solar\/unser-tipp-komplexe-photovoltaikprojekte-einfach-planen\u0022  class=\u0022teaser teaser--standard\u0022 aria-label=\u0022Unser Tipp: Komplexe Photovoltaikprojekte einfach planen\u0022\u003E\n      \u003Cdiv class=\u0022teaser-content--image\u0022\u003E\n        \u003Cfigure class=\u0022image--figure\u0022\u003E\n        \u003Cpicture\u003E\n                        \u003Csource srcset=\u0022\/sites\/default\/files\/styles\/teaser_standard__m\/public\/aurora\/2025\/06\/426114.jpeg.webp?itok=ui3SrxoW 1x\u0022 media=\u0022(min-width: 48.0625em) and (max-width: 64em)\u0022 type=\u0022image\/webp\u0022 width=\u0022323\u0022 height=\u0022182\u0022\/\u003E\n                  \u003Csource srcset=\u0022\/sites\/default\/files\/styles\/teaser_standard__l\/public\/aurora\/2025\/06\/426114.jpeg.webp?itok=qfR9CdqB 1x\u0022 media=\u0022(min-width: 64.0625em)\u0022 type=\u0022image\/webp\u0022 width=\u0022203\u0022 height=\u0022114\u0022\/\u003E\n                  \u003Csource srcset=\u0022\/sites\/default\/files\/styles\/teaser_standard__m\/public\/aurora\/2025\/06\/426114.jpeg?itok=O6XU2Zox 1x\u0022 media=\u0022(min-width: 48.0625em) and (max-width: 64em)\u0022 type=\u0022image\/jpeg\u0022 width=\u0022323\u0022 height=\u0022182\u0022\/\u003E\n                  \u003Csource srcset=\u0022\/sites\/default\/files\/styles\/teaser_standard__l\/public\/aurora\/2025\/06\/426114.jpeg?itok=iQGrjRSZ 1x\u0022 media=\u0022(min-width: 64.0625em)\u0022 type=\u0022image\/jpeg\u0022 width=\u0022203\u0022 height=\u0022114\u0022\/\u003E\n                          \u003Cimg loading=\u0022eager\u0022 data-caption-hide width=\u0022708\u0022 height=\u0022398\u0022 alt=\u0022Im Webinar verraten die Planer von K2 Systems Tricks und Kniffe, wie Sie auch auf komplexen D\u00e4chern Solaranlagen planen k\u00f6nnen.\u0022 data-zoomed=\u0022https:\/\/www.erneuerbareenergien.de\/sites\/default\/files\/styles\/content__zoomed\/public\/aurora\/2025\/06\/426114.jpeg?itok=oLbo-L57\u0022 src=\u0022\/sites\/default\/files\/styles\/teaser_standard__s\/public\/aurora\/2025\/06\/426114.jpeg?itok=xfeJDG_a\u0022 title=\u0022\u00a9 K2 Systems\u0022 \/\u003E\n\n    \u003C\/picture\u003E\n      \u003Cfigcaption class=\u0022image--figcaption\u0022\u003E\n          \u003Cdiv class=\u0022copyright\u0022\u003EK2 Systems\u003C\/div\u003E\n          \u003C\/figcaption\u003E\n\u003C\/figure\u003E\n\n\n    \u003C\/div\u003E\n    \u003Cdiv class=\u0022teaser-content\u0022\u003E\n                    \u003Cdiv class=\u0022teaser-content--kicker\u0022\u003E\n                    \n        \u003C\/div\u003E\n                                              \n                        \n        \u003Ch4 class=\u0022teaser-content--headline\u0022\u003E\n                                Unser Tipp: Komplexe Photovoltaikprojekte einfach \n                              \u003Cspan class=\u0022headline-last-word-arrow\u0022\u003Eplanen                      \u003C\/span\u003E\n        \u003C\/h4\u003E\n            \u003Cdiv class=\u0022teaser-content--publishing-date\u0022\u003E\u003Ctime datetime=\u00222025-07-31T12:30:00Z\u0022\u003E31.07.2025\u003C\/time\u003E\n\u003C\/div\u003E\u003Cspan class=\u0022teaser-content--publishing-date-divider\u0022\u003E - \u003C\/span\u003E\u003Cdiv class=\u0022teaser-content--body\u0022\u003E\u003Cp\u003EIm Webinar haben unsere Experten von K2 Systems erkl\u00e4rt, wie Sie auch auf schwierigen Fl\u00e4chen Photovoltaikanlagen planen k\u00f6nnen. Sie haben Tricks und Kniffe f\u00fcr die Erstellung und Umsetzung solcher Projekte verraten. Die kostenlose Aufzeichnung steht f\u00fcr Sie bereit.\u003C\/p\u003E\n\u003C\/div\u003E\n                        \u003Cspan class=\u0022read-more-arrow-container\u0022\u003E\n            \u003Cspan class=\u0022read-more-angled-arrow\u0022\u003E \u003C\/span\u003E\n          \u003C\/span\u003E\n                  \u003C\/div\u003E\n    \u003C\/a\u003E\n\u003Ca href=\u0022\/technologie\/solar\/expertentipp-sicheres-arbeiten-auf-dem-dach-wie-schuetze-ich-mich-und-das-team\u0022  class=\u0022teaser teaser--standard\u0022 aria-label=\u0022Expertentipp: Sicheres Arbeiten auf dem Dach \u2013 Wie sch\u00fctze ich mich und das Team?\u0022\u003E\n      \u003Cdiv class=\u0022teaser-content--image\u0022\u003E\n        \u003Cfigure class=\u0022image--figure\u0022\u003E\n        \u003Cpicture\u003E\n                        \u003Csource srcset=\u0022\/sites\/default\/files\/styles\/teaser_standard__m\/public\/aurora\/2025\/02\/427748.jpeg.webp?itok=Bh3oz9ep 1x\u0022 media=\u0022(min-width: 48.0625em) and (max-width: 64em)\u0022 type=\u0022image\/webp\u0022 width=\u0022323\u0022 height=\u0022182\u0022\/\u003E\n                  \u003Csource srcset=\u0022\/sites\/default\/files\/styles\/teaser_standard__l\/public\/aurora\/2025\/02\/427748.jpeg.webp?itok=487Kw9PD 1x\u0022 media=\u0022(min-width: 64.0625em)\u0022 type=\u0022image\/webp\u0022 width=\u0022203\u0022 height=\u0022114\u0022\/\u003E\n                  \u003Csource srcset=\u0022\/sites\/default\/files\/styles\/teaser_standard__m\/public\/aurora\/2025\/02\/427748.jpeg?itok=8kaB3wNU 1x\u0022 media=\u0022(min-width: 48.0625em) and (max-width: 64em)\u0022 type=\u0022image\/jpeg\u0022 width=\u0022323\u0022 height=\u0022182\u0022\/\u003E\n                  \u003Csource srcset=\u0022\/sites\/default\/files\/styles\/teaser_standard__l\/public\/aurora\/2025\/02\/427748.jpeg?itok=SH--snuM 1x\u0022 media=\u0022(min-width: 64.0625em)\u0022 type=\u0022image\/jpeg\u0022 width=\u0022203\u0022 height=\u0022114\u0022\/\u003E\n                          \u003Cimg loading=\u0022eager\u0022 data-caption-hide width=\u0022708\u0022 height=\u0022398\u0022 alt=\u0022Auch auf dem Flachdach sollte die Sicherheit des Teams immer im Vordergrund stehen.\u0022 data-zoomed=\u0022https:\/\/www.erneuerbareenergien.de\/sites\/default\/files\/styles\/content__zoomed\/public\/aurora\/2025\/02\/427748.jpeg?itok=-F3u4Hqw\u0022 src=\u0022\/sites\/default\/files\/styles\/teaser_standard__s\/public\/aurora\/2025\/02\/427748.jpeg?itok=7QdsPIjV\u0022 title=\u0022\u00a9 Ernst Schweizer\u0022 \/\u003E\n\n    \u003C\/picture\u003E\n      \u003Cfigcaption class=\u0022image--figcaption\u0022\u003E\n          \u003Cdiv class=\u0022copyright\u0022\u003EErnst Schweizer\u003C\/div\u003E\n          \u003C\/figcaption\u003E\n\u003C\/figure\u003E\n\n\n    \u003C\/div\u003E\n    \u003Cdiv class=\u0022teaser-content\u0022\u003E\n                    \u003Cdiv class=\u0022teaser-content--kicker\u0022\u003E\n                    \n        \u003C\/div\u003E\n                                              \n                        \n        \u003Ch4 class=\u0022teaser-content--headline\u0022\u003E\n                                Expertentipp: Sicheres Arbeiten auf dem Dach \u2013 Wie sch\u00fctze ich mich und das \n                              \u003Cspan class=\u0022headline-last-word-arrow\u0022\u003ETeam?                      \u003C\/span\u003E\n        \u003C\/h4\u003E\n            \u003Cdiv class=\u0022teaser-content--publishing-date\u0022\u003E\u003Ctime datetime=\u00222025-05-23T12:30:06Z\u0022\u003E23.05.2025\u003C\/time\u003E\n\u003C\/div\u003E\u003Cspan class=\u0022teaser-content--publishing-date-divider\u0022\u003E - \u003C\/span\u003E\u003Cdiv class=\u0022teaser-content--body\u0022\u003E\u003Cp\u003EVor allem bei Arbeiten auf dem Flachdach ger\u00e4t die Sicherheit manchmal aus dem Blick. Unsere Spezialisten von Ernst Schweizer und Pro Safety erkl\u00e4ren, welche Regeln f\u00fcr die Sicherheit auf dem Flachdach gelten und wie diese eingehalten werden. Die Aufzeichnung des Webinars steht jetzt kostenlos zur Verf\u00fcgung!\u003C\/p\u003E\n\u003C\/div\u003E\n                        \u003Cspan class=\u0022read-more-arrow-container\u0022\u003E\n            \u003Cspan class=\u0022read-more-angled-arrow\u0022\u003E \u003C\/span\u003E\n          \u003C\/span\u003E\n                  \u003C\/div\u003E\n    \u003C\/a\u003E\n\u003Ca href=\u0022\/technologie\/solar\/so-bieten-solar-fachbetriebe-eine-anlagenfinanzierung-ohne-risiko\u0022  class=\u0022teaser teaser--standard\u0022 aria-label=\u0022So bieten Solar-Fachbetriebe eine Anlagenfinanzierung ohne Risiko an\u0022\u003E\n      \u003Cdiv class=\u0022teaser-content--image\u0022\u003E\n        \u003Cfigure class=\u0022image--figure\u0022\u003E\n        \u003Cpicture\u003E\n                        \u003Csource srcset=\u0022\/sites\/default\/files\/styles\/teaser_standard__m\/public\/aurora\/2025\/05\/446025.jpeg.webp?itok=m-Q3xQ-A 1x\u0022 media=\u0022(min-width: 48.0625em) and (max-width: 64em)\u0022 type=\u0022image\/webp\u0022 width=\u0022323\u0022 height=\u0022182\u0022\/\u003E\n                  \u003Csource srcset=\u0022\/sites\/default\/files\/styles\/teaser_standard__l\/public\/aurora\/2025\/05\/446025.jpeg.webp?itok=YPGmOEuT 1x\u0022 media=\u0022(min-width: 64.0625em)\u0022 type=\u0022image\/webp\u0022 width=\u0022203\u0022 height=\u0022114\u0022\/\u003E\n                  \u003Csource srcset=\u0022\/sites\/default\/files\/styles\/teaser_standard__m\/public\/aurora\/2025\/05\/446025.jpeg?itok=hRliAh4h 1x\u0022 media=\u0022(min-width: 48.0625em) and (max-width: 64em)\u0022 type=\u0022image\/jpeg\u0022 width=\u0022323\u0022 height=\u0022182\u0022\/\u003E\n                  \u003Csource srcset=\u0022\/sites\/default\/files\/styles\/teaser_standard__l\/public\/aurora\/2025\/05\/446025.jpeg?itok=CaNfRvJa 1x\u0022 media=\u0022(min-width: 64.0625em)\u0022 type=\u0022image\/jpeg\u0022 width=\u0022203\u0022 height=\u0022114\u0022\/\u003E\n                          \u003Cimg alt=\u0022Auch Anlagen auf Gewerbed\u00e4chern k\u00f6nnen mit Mietkauf finanziert werden.\u0022 loading=\u0022eager\u0022 data-caption-hide width=\u0022708\u0022 height=\u0022398\u0022 data-zoomed=\u0022https:\/\/www.erneuerbareenergien.de\/sites\/default\/files\/styles\/content__zoomed\/public\/aurora\/2025\/05\/446025.jpeg?itok=IFAnuWZT\u0022 src=\u0022\/sites\/default\/files\/styles\/teaser_standard__s\/public\/aurora\/2025\/05\/446025.jpeg?itok=0FHFECqs\u0022 title=\u0022\u00a9 Gorfion Green Energy\u0022 \/\u003E\n\n    \u003C\/picture\u003E\n      \u003Cfigcaption class=\u0022image--figcaption\u0022\u003E\n          \u003Cdiv class=\u0022copyright\u0022\u003EGorfion Green Energy\u003C\/div\u003E\n          \u003C\/figcaption\u003E\n\u003C\/figure\u003E\n\n\n    \u003C\/div\u003E\n    \u003Cdiv class=\u0022teaser-content\u0022\u003E\n                    \u003Cdiv class=\u0022teaser-content--kicker\u0022\u003E\n                    \n        \u003C\/div\u003E\n                                              \n                        \n        \u003Ch4 class=\u0022teaser-content--headline\u0022\u003E\n                                So bieten Solar-Fachbetriebe eine Anlagenfinanzierung ohne Risiko \n                              \u003Cspan class=\u0022headline-last-word-arrow\u0022\u003Ean                      \u003C\/span\u003E\n        \u003C\/h4\u003E\n            \u003Cdiv class=\u0022teaser-content--publishing-date\u0022\u003E\u003Ctime datetime=\u00222025-05-09T15:00:06Z\u0022\u003E09.05.2025\u003C\/time\u003E\n\u003C\/div\u003E\u003Cspan class=\u0022teaser-content--publishing-date-divider\u0022\u003E - \u003C\/span\u003E\u003Cdiv class=\u0022teaser-content--body\u0022\u003E\u003Cp\u003EEine Finanzierung einer Solaranlage \u00fcber Raten- und Mietkaufmodelle ist f\u00fcr viele Eigenheimbesitzer und Gewerbetreibende eine interessante L\u00f6sung. Immer h\u00e4ufiger erwarten sie von Fachbetrieben, dass sie mit dem Angebot eine Finanzierungsoption gleich mitliefern. Wie dies einfach gelingt, erkl\u00e4rten unsere Experten von Golfstrom Energy und Gorfion Energy im Webinar. Schauen Sie sich die Aufzeichnung an!\u003C\/p\u003E\n\u003C\/div\u003E\n                        \u003Cspan class=\u0022read-more-arrow-container\u0022\u003E\n            \u003Cspan class=\u0022read-more-angled-arrow\u0022\u003E \u003C\/span\u003E\n          \u003C\/span\u003E\n                  \u003C\/div\u003E\n    \u003C\/a\u003E\n\u003Ca href=\u0022https:\/\/events.gentner.de\/frontend\/en\/#\/catalog\/course\/1510706?key=s0785k68ydt02s04xposr4hjp8fswjq8jdq\u0022  class=\u0022teaser teaser--standard\u0022 aria-label=\u0022Webinar am 14. April 2025: Komplexe Photovoltaikprojekte einfach planen\u0022\u003E\n      \u003Cdiv class=\u0022teaser-content--image\u0022\u003E\n        \u003Cfigure class=\u0022image--figure\u0022\u003E\n        \u003Cpicture\u003E\n                        \u003Csource srcset=\u0022\/sites\/default\/files\/styles\/teaser_standard__m\/public\/aurora\/2025\/06\/426114.jpeg.webp?itok=ui3SrxoW 1x\u0022 media=\u0022(min-width: 48.0625em) and (max-width: 64em)\u0022 type=\u0022image\/webp\u0022 width=\u0022323\u0022 height=\u0022182\u0022\/\u003E\n                  \u003Csource srcset=\u0022\/sites\/default\/files\/styles\/teaser_standard__l\/public\/aurora\/2025\/06\/426114.jpeg.webp?itok=qfR9CdqB 1x\u0022 media=\u0022(min-width: 64.0625em)\u0022 type=\u0022image\/webp\u0022 width=\u0022203\u0022 height=\u0022114\u0022\/\u003E\n                  \u003Csource srcset=\u0022\/sites\/default\/files\/styles\/teaser_standard__m\/public\/aurora\/2025\/06\/426114.jpeg?itok=O6XU2Zox 1x\u0022 media=\u0022(min-width: 48.0625em) and (max-width: 64em)\u0022 type=\u0022image\/jpeg\u0022 width=\u0022323\u0022 height=\u0022182\u0022\/\u003E\n                  \u003Csource srcset=\u0022\/sites\/default\/files\/styles\/teaser_standard__l\/public\/aurora\/2025\/06\/426114.jpeg?itok=iQGrjRSZ 1x\u0022 media=\u0022(min-width: 64.0625em)\u0022 type=\u0022image\/jpeg\u0022 width=\u0022203\u0022 height=\u0022114\u0022\/\u003E\n                          \u003Cimg alt=\u0022Im Webinar verraten die Planer von K2 Systems Tricks und Kniffe, wie Sie auch auf komplexen D\u00e4chern Solaranlagen planen k\u00f6nnen.\u0022 loading=\u0022eager\u0022 data-caption-hide width=\u0022708\u0022 height=\u0022398\u0022 data-zoomed=\u0022https:\/\/www.erneuerbareenergien.de\/sites\/default\/files\/styles\/content__zoomed\/public\/aurora\/2025\/06\/426114.jpeg?itok=oLbo-L57\u0022 src=\u0022\/sites\/default\/files\/styles\/teaser_standard__s\/public\/aurora\/2025\/06\/426114.jpeg?itok=xfeJDG_a\u0022 title=\u0022\u00a9 K2 Systems\u0022 \/\u003E\n\n    \u003C\/picture\u003E\n      \u003Cfigcaption class=\u0022image--figcaption\u0022\u003E\n          \u003Cdiv class=\u0022copyright\u0022\u003EK2 Systems\u003C\/div\u003E\n          \u003C\/figcaption\u003E\n\u003C\/figure\u003E\n\n\n    \u003C\/div\u003E\n    \u003Cdiv class=\u0022teaser-content\u0022\u003E\n                    \u003Cdiv class=\u0022teaser-content--kicker\u0022\u003E\n                    \n        \u003C\/div\u003E\n                                              \n                        \n        \u003Ch4 class=\u0022teaser-content--headline\u0022\u003E\n                                Webinar am 14. April 2025: Komplexe Photovoltaikprojekte einfach \n                              \u003Cspan class=\u0022headline-last-word-arrow\u0022\u003Eplanen                      \u003C\/span\u003E\n        \u003C\/h4\u003E\n            \u003Cdiv class=\u0022teaser-content--publishing-date\u0022\u003E\u003Ctime datetime=\u00222025-04-04T13:00:00Z\u0022\u003E04.04.2025\u003C\/time\u003E\n\u003C\/div\u003E\u003Cspan class=\u0022teaser-content--publishing-date-divider\u0022\u003E - \u003C\/span\u003E\u003Cdiv class=\u0022teaser-content--body\u0022\u003E\u003Cp\u003ELernen Sie im englischsprachigen Webinar, wie Sie auch auf schwierigen Fl\u00e4chen Photovoltaikanlagen planen k\u00f6nnen und wie eine passende Projektausschreibung gestaltet wird. Unsere Experten von K2 Systems verraten im kostenlosen Webinar ihre Tricks und Kniffe f\u00fcr die Auslegung der Systeme.\u003C\/p\u003E\n\u003C\/div\u003E\n                        \u003Cspan class=\u0022read-more-arrow-container\u0022\u003E\n            \u003Cspan class=\u0022read-more-angled-arrow\u0022\u003E \u003C\/span\u003E\n          \u003C\/span\u003E\n                  \u003C\/div\u003E\n    \u003C\/a\u003E\n\u003Ca href=\u0022https:\/\/events.gentner.de\/frontend\/de\/#\/catalog\/course\/1506820?key=s0785k68ydt02s04xposr4hjp8fswjq8jdq\u0022  class=\u0022teaser teaser--standard\u0022 aria-label=\u0022Webinar am 27. M\u00e4rz: Sicheres Arbeiten auf dem Dach \u2013 Wie sch\u00fctze ich mich und das Team?\u0022\u003E\n      \u003Cdiv class=\u0022teaser-content--image\u0022\u003E\n        \u003Cfigure class=\u0022image--figure\u0022\u003E\n        \u003Cpicture\u003E\n                        \u003Csource srcset=\u0022\/sites\/default\/files\/styles\/teaser_standard__m\/public\/aurora\/2025\/02\/427748.jpeg.webp?itok=Bh3oz9ep 1x\u0022 media=\u0022(min-width: 48.0625em) and (max-width: 64em)\u0022 type=\u0022image\/webp\u0022 width=\u0022323\u0022 height=\u0022182\u0022\/\u003E\n                  \u003Csource srcset=\u0022\/sites\/default\/files\/styles\/teaser_standard__l\/public\/aurora\/2025\/02\/427748.jpeg.webp?itok=487Kw9PD 1x\u0022 media=\u0022(min-width: 64.0625em)\u0022 type=\u0022image\/webp\u0022 width=\u0022203\u0022 height=\u0022114\u0022\/\u003E\n                  \u003Csource srcset=\u0022\/sites\/default\/files\/styles\/teaser_standard__m\/public\/aurora\/2025\/02\/427748.jpeg?itok=8kaB3wNU 1x\u0022 media=\u0022(min-width: 48.0625em) and (max-width: 64em)\u0022 type=\u0022image\/jpeg\u0022 width=\u0022323\u0022 height=\u0022182\u0022\/\u003E\n                  \u003Csource srcset=\u0022\/sites\/default\/files\/styles\/teaser_standard__l\/public\/aurora\/2025\/02\/427748.jpeg?itok=SH--snuM 1x\u0022 media=\u0022(min-width: 64.0625em)\u0022 type=\u0022image\/jpeg\u0022 width=\u0022203\u0022 height=\u0022114\u0022\/\u003E\n                          \u003Cimg alt=\u0022Auch auf dem Flachdach sollte die Sicherheit des Teams immer im Vordergrund stehen.\u0022 loading=\u0022eager\u0022 data-caption-hide width=\u0022708\u0022 height=\u0022398\u0022 data-zoomed=\u0022https:\/\/www.erneuerbareenergien.de\/sites\/default\/files\/styles\/content__zoomed\/public\/aurora\/2025\/02\/427748.jpeg?itok=-F3u4Hqw\u0022 src=\u0022\/sites\/default\/files\/styles\/teaser_standard__s\/public\/aurora\/2025\/02\/427748.jpeg?itok=7QdsPIjV\u0022 title=\u0022\u00a9 Ernst Schweizer\u0022 \/\u003E\n\n    \u003C\/picture\u003E\n      \u003Cfigcaption class=\u0022image--figcaption\u0022\u003E\n          \u003Cdiv class=\u0022copyright\u0022\u003EErnst Schweizer\u003C\/div\u003E\n          \u003C\/figcaption\u003E\n\u003C\/figure\u003E\n\n\n    \u003C\/div\u003E\n    \u003Cdiv class=\u0022teaser-content\u0022\u003E\n                    \u003Cdiv class=\u0022teaser-content--kicker\u0022\u003E\n                    \n        \u003C\/div\u003E\n                                              \n                        \n        \u003Ch4 class=\u0022teaser-content--headline\u0022\u003E\n                                Webinar am 27. M\u00e4rz: Sicheres Arbeiten auf dem Dach \u2013 Wie sch\u00fctze ich mich und das \n                              \u003Cspan class=\u0022headline-last-word-arrow\u0022\u003ETeam?                      \u003C\/span\u003E\n        \u003C\/h4\u003E\n            \u003Cdiv class=\u0022teaser-content--publishing-date\u0022\u003E\u003Ctime datetime=\u00222025-03-07T15:00:00Z\u0022\u003E07.03.2025\u003C\/time\u003E\n\u003C\/div\u003E\u003Cspan class=\u0022teaser-content--publishing-date-divider\u0022\u003E - \u003C\/span\u003E\u003Cdiv class=\u0022teaser-content--body\u0022\u003E\u003Cp\u003EVor allem bei Arbeiten auf dem Flachdach ger\u00e4t die Sicherheit manchmal aus dem Blick. Im Webinar lernen Sie von unseren Experten von Ernst Schweizer und Pro Safety, welche Regeln f\u00fcr die Sicherheit auf dem Flachdach gelten und wie diese eingehalten werden.\u003C\/p\u003E\n\u003C\/div\u003E\n                        \u003Cspan class=\u0022read-more-arrow-container\u0022\u003E\n            \u003Cspan class=\u0022read-more-angled-arrow\u0022\u003E \u003C\/span\u003E\n          \u003C\/span\u003E\n                  \u003C\/div\u003E\n    \u003C\/a\u003E\n\u003Ca href=\u0022\/transformation\/speicher\/webinar-aufzeichnung-sicherheit-und-performance-batteriespeichergrosskraftwerken\u0022  class=\u0022teaser teaser--standard\u0022 aria-label=\u0022Webinar-Aufzeichnung: Sicherheit und Performance in Batteriespeichergro\u00dfkraftwerken\u0022\u003E\n      \u003Cdiv class=\u0022teaser-content--image\u0022\u003E\n              \u003Cpicture\u003E\n                        \u003Csource srcset=\u0022\/sites\/default\/files\/styles\/teaser_standard__m\/public\/2025-02\/ere-4.png.webp?itok=jPgSwpcG 1x\u0022 media=\u0022(min-width: 48.0625em) and (max-width: 64em)\u0022 type=\u0022image\/webp\u0022 width=\u0022323\u0022 height=\u0022174\u0022\/\u003E\n                  \u003Csource srcset=\u0022\/sites\/default\/files\/styles\/teaser_standard__l\/public\/2025-02\/ere-4.png.webp?itok=vym5pgo_ 1x\u0022 media=\u0022(min-width: 64.0625em)\u0022 type=\u0022image\/webp\u0022 width=\u0022203\u0022 height=\u0022109\u0022\/\u003E\n                  \u003Csource srcset=\u0022\/sites\/default\/files\/styles\/teaser_standard__m\/public\/2025-02\/ere-4.png?itok=Kkdr1Agy 1x\u0022 media=\u0022(min-width: 48.0625em) and (max-width: 64em)\u0022 type=\u0022image\/png\u0022 width=\u0022323\u0022 height=\u0022174\u0022\/\u003E\n                  \u003Csource srcset=\u0022\/sites\/default\/files\/styles\/teaser_standard__l\/public\/2025-02\/ere-4.png?itok=ATZb91rW 1x\u0022 media=\u0022(min-width: 64.0625em)\u0022 type=\u0022image\/png\u0022 width=\u0022203\u0022 height=\u0022109\u0022\/\u003E\n                          \u003Cimg loading=\u0022eager\u0022 data-caption-hide width=\u0022708\u0022 height=\u0022381\u0022 data-zoomed=\u0022https:\/\/www.erneuerbareenergien.de\/sites\/default\/files\/styles\/content__zoomed\/public\/2025-02\/ere-4.png?itok=xbkyIIxu\u0022 src=\u0022\/sites\/default\/files\/styles\/teaser_standard__s\/public\/2025-02\/ere-4.png?itok=zRgpIqMZ\u0022 alt=\u0022\u0022 title=\u0022Alt-Text: \u201eModulare Batteriespeichereinheiten mit Anzeigen zu Sicherheits- und Zuverl\u00e4ssigkeitsmetriken, betont in einem System zur Optimierung der Energienutzung f\u00fcr Investoren und Betreiber regenerativer Projekte. Logo: Fusionsolar Erneuerbare Energien.\u0022 \/\u003E\n\n    \u003C\/picture\u003E\n    \n\n    \u003C\/div\u003E\n    \u003Cdiv class=\u0022teaser-content\u0022\u003E\n                    \u003Cdiv class=\u0022teaser-content--kicker\u0022\u003E\n                    \n        \u003C\/div\u003E\n                                              \n                        \n        \u003Ch4 class=\u0022teaser-content--headline\u0022\u003E\n                                Webinar-Aufzeichnung: Sicherheit und Performance in \n                              \u003Cspan class=\u0022headline-last-word-arrow\u0022\u003EBatteriespeichergro\u00dfkraftwerken                      \u003C\/span\u003E\n        \u003C\/h4\u003E\n            \u003Cdiv class=\u0022teaser-content--publishing-date\u0022\u003E\u003Ctime datetime=\u00222025-01-06T09:08:32Z\u0022\u003E06.01.2025\u003C\/time\u003E\n\u003C\/div\u003E\u003Cspan class=\u0022teaser-content--publishing-date-divider\u0022\u003E - \u003C\/span\u003E\u003Cdiv class=\u0022teaser-content--body\u0022\u003E\u003Cp\u003EDer Batteriespeichermarkt w\u00e4chst aktuell stetig und stellt Projektierer vor neue Herausforderungen in der Projektentwicklung. Welche Gesch\u00e4ftsmodelle sich dabei ergeben und welche Sicherheitsbestimmungen dabei wichtig sind, erfahren Sie in unserem Webinar mit Huawei Fusionsolar.\u0026nbsp;\u003C\/p\u003E\n\u003C\/div\u003E\n                        \u003Cspan class=\u0022read-more-arrow-container\u0022\u003E\n            \u003Cspan class=\u0022read-more-angled-arrow\u0022\u003E \u003C\/span\u003E\n          \u003C\/span\u003E\n                  \u003C\/div\u003E\n    \u003C\/a\u003E\n\u003Ca href=\u0022\/technologie\/solar\/webinar-aufzeichnung-innovative-systemloesung-fuer-pv-plus-speicherbetrieb-gewerbe-und\u0022  class=\u0022teaser teaser--standard\u0022 aria-label=\u0022Webinar-Aufzeichnung: Innovative Systeml\u00f6sung f\u00fcr PV- plus Speicherbetrieb in Gewerbe und Industrie\u0022\u003E\n      \u003Cdiv class=\u0022teaser-content--image\u0022\u003E\n              \u003Cpicture\u003E\n                        \u003Csource srcset=\u0022\/sites\/default\/files\/styles\/teaser_standard__m\/public\/2025-02\/2.png.webp?itok=RqzB6p8q 1x\u0022 media=\u0022(min-width: 48.0625em) and (max-width: 64em)\u0022 type=\u0022image\/webp\u0022 width=\u0022323\u0022 height=\u0022174\u0022\/\u003E\n                  \u003Csource srcset=\u0022\/sites\/default\/files\/styles\/teaser_standard__l\/public\/2025-02\/2.png.webp?itok=2Mxv6QjZ 1x\u0022 media=\u0022(min-width: 64.0625em)\u0022 type=\u0022image\/webp\u0022 width=\u0022203\u0022 height=\u0022109\u0022\/\u003E\n                  \u003Csource srcset=\u0022\/sites\/default\/files\/styles\/teaser_standard__m\/public\/2025-02\/2.png?itok=wurIpKlL 1x\u0022 media=\u0022(min-width: 48.0625em) and (max-width: 64em)\u0022 type=\u0022image\/png\u0022 width=\u0022323\u0022 height=\u0022174\u0022\/\u003E\n                  \u003Csource srcset=\u0022\/sites\/default\/files\/styles\/teaser_standard__l\/public\/2025-02\/2.png?itok=Fr5dF_99 1x\u0022 media=\u0022(min-width: 64.0625em)\u0022 type=\u0022image\/png\u0022 width=\u0022203\u0022 height=\u0022109\u0022\/\u003E\n                          \u003Cimg loading=\u0022eager\u0022 data-caption-hide width=\u0022708\u0022 height=\u0022381\u0022 data-zoomed=\u0022https:\/\/www.erneuerbareenergien.de\/sites\/default\/files\/styles\/content__zoomed\/public\/2025-02\/2.png?itok=8M0mLady\u0022 src=\u0022\/sites\/default\/files\/styles\/teaser_standard__s\/public\/2025-02\/2.png?itok=Y9OHZyzR\u0022 alt=\u0022\u0022 title=\u0022Alt-Text: \u201eGro\u00dffl\u00e4chige Photovoltaikanlage mit Solarmodulen und Wechselrichtern, integriert in das intelligente Energiemanagementsystem von FusionSolar. Die Anlage demonstriert fortschrittliche Speicherl\u00f6sungen und tr\u00e4gt zur nachhaltigen Energieversorgung f\u00fcr Netzbetreiber und kommunale Stadtwerke bei.\u201c.\u0022 \/\u003E\n\n    \u003C\/picture\u003E\n    \n\n    \u003C\/div\u003E\n    \u003Cdiv class=\u0022teaser-content\u0022\u003E\n                    \u003Cdiv class=\u0022teaser-content--kicker\u0022\u003E\n                    \n        \u003C\/div\u003E\n                                              \n                        \n        \u003Ch4 class=\u0022teaser-content--headline\u0022\u003E\n                                Webinar-Aufzeichnung: Innovative Systeml\u00f6sung f\u00fcr PV- plus Speicherbetrieb in Gewerbe und \n                              \u003Cspan class=\u0022headline-last-word-arrow\u0022\u003EIndustrie                      \u003C\/span\u003E\n        \u003C\/h4\u003E\n            \u003Cdiv class=\u0022teaser-content--publishing-date\u0022\u003E\u003Ctime datetime=\u00222024-11-07T08:15:03Z\u0022\u003E07.11.2024\u003C\/time\u003E\n\u003C\/div\u003E\u003Cspan class=\u0022teaser-content--publishing-date-divider\u0022\u003E - \u003C\/span\u003E\u003Cdiv class=\u0022teaser-content--body\u0022\u003E\u003Cp\u003EHohe Energiekosten sind f\u00fcr viele Unternehmen derzeit ein Thema. Immer mehr Gewerbe- und Industrieunternehmen setzen deshalb auf Solarstrom mit einer Speicherl\u00f6sung. Gerade bei der Auslegung f\u00fcr die verschiedenen Anwendungen gilt es jedoch einiges zu beachten. Der Hersteller Huawei FusionSolar stellt daf\u00fcr smarte L\u00f6sungen bereit.\u003C\/p\u003E\n\u003C\/div\u003E\n                        \u003Cspan class=\u0022read-more-arrow-container\u0022\u003E\n            \u003Cspan class=\u0022read-more-angled-arrow\u0022\u003E \u003C\/span\u003E\n          \u003C\/span\u003E\n                  \u003C\/div\u003E\n    \u003C\/a\u003E\n\u003Ca href=\u0022\/transformation\/speicher\/webinar-aufzeichnung-grossspeicher-als-geschaeftsmodell\u0022  class=\u0022teaser teaser--standard\u0022 aria-label=\u0022Webinar-Aufzeichnung: Gro\u00dfspeicher als Gesch\u00e4ftsmodell\u0022\u003E\n      \u003Cdiv class=\u0022teaser-content--image\u0022\u003E\n        \u003Cfigure class=\u0022image--figure\u0022\u003E\n        \u003Cpicture\u003E\n                        \u003Csource srcset=\u0022\/sites\/default\/files\/styles\/teaser_standard__m\/public\/2025-02\/ere-1.png.webp?itok=yv81JMtp 1x\u0022 media=\u0022(min-width: 48.0625em) and (max-width: 64em)\u0022 type=\u0022image\/webp\u0022 width=\u0022323\u0022 height=\u0022174\u0022\/\u003E\n                  \u003Csource srcset=\u0022\/sites\/default\/files\/styles\/teaser_standard__l\/public\/2025-02\/ere-1.png.webp?itok=1hmwjkVQ 1x\u0022 media=\u0022(min-width: 64.0625em)\u0022 type=\u0022image\/webp\u0022 width=\u0022203\u0022 height=\u0022109\u0022\/\u003E\n                  \u003Csource srcset=\u0022\/sites\/default\/files\/styles\/teaser_standard__m\/public\/2025-02\/ere-1.png?itok=hm0X7vlp 1x\u0022 media=\u0022(min-width: 48.0625em) and (max-width: 64em)\u0022 type=\u0022image\/png\u0022 width=\u0022323\u0022 height=\u0022174\u0022\/\u003E\n                  \u003Csource srcset=\u0022\/sites\/default\/files\/styles\/teaser_standard__l\/public\/2025-02\/ere-1.png?itok=lm1vsrLC 1x\u0022 media=\u0022(min-width: 64.0625em)\u0022 type=\u0022image\/png\u0022 width=\u0022203\u0022 height=\u0022109\u0022\/\u003E\n                          \u003Cimg loading=\u0022eager\u0022 data-caption-hide width=\u0022708\u0022 height=\u0022381\u0022 alt=\u0022Gro\u00dfspeicher k\u00f6nnen Strom speichern und dann zur Verf\u00fcgung stellen, wenn er an der B\u00f6rse einen hohen Preis erzielt.\u0026amp;nbsp;\u0026amp;nbsp;\u0022 data-zoomed=\u0022https:\/\/www.erneuerbareenergien.de\/sites\/default\/files\/styles\/content__zoomed\/public\/2025-02\/ere-1.png?itok=YcfvLvef\u0022 src=\u0022\/sites\/default\/files\/styles\/teaser_standard__s\/public\/2025-02\/ere-1.png?itok=UlKVrLTk\u0022 title=\u0022\u00a9 Huawei Fusionsolar\u0022 \/\u003E\n\n    \u003C\/picture\u003E\n      \u003Cfigcaption class=\u0022image--figcaption\u0022\u003E\n          \u003Cdiv class=\u0022copyright\u0022\u003EHuawei Fusionsolar\u003C\/div\u003E\n          \u003C\/figcaption\u003E\n\u003C\/figure\u003E\n\n\n    \u003C\/div\u003E\n    \u003Cdiv class=\u0022teaser-content\u0022\u003E\n                    \u003Cdiv class=\u0022teaser-content--kicker\u0022\u003E\n                    \n        \u003C\/div\u003E\n                                              \n                        \n        \u003Ch4 class=\u0022teaser-content--headline\u0022\u003E\n                                Webinar-Aufzeichnung: Gro\u00dfspeicher als \n                              \u003Cspan class=\u0022headline-last-word-arrow\u0022\u003EGesch\u00e4ftsmodell                      \u003C\/span\u003E\n        \u003C\/h4\u003E\n            \u003Cdiv class=\u0022teaser-content--publishing-date\u0022\u003E\u003Ctime datetime=\u00222024-07-01T15:10:49Z\u0022\u003E01.07.2024\u003C\/time\u003E\n\u003C\/div\u003E\u003Cspan class=\u0022teaser-content--publishing-date-divider\u0022\u003E - \u003C\/span\u003E\u003Cdiv class=\u0022teaser-content--body\u0022\u003E\u003Cp\u003EErfahren Sie in dieser kostenlosen Webinar-Aufzeichnung, wie Sie ein funktionierendes Gesch\u00e4ftsmodell mit Batteriespeicherkraftwerken von Huawei Fusionsolar entwickeln k\u00f6nnen und gleichzeitig das Netz entlasten.\u0026nbsp;\u003C\/p\u003E\n\u003C\/div\u003E\n                        \u003Cspan class=\u0022read-more-arrow-container\u0022\u003E\n            \u003Cspan class=\u0022read-more-angled-arrow\u0022\u003E \u003C\/span\u003E\n          \u003C\/span\u003E\n                  \u003C\/div\u003E\n    \u003C\/a\u003E\n\u003Ca href=\u0022\/transformation\/speicher\/webinar-aufzeichnung-wie-kombiniere-ich-speicherkraftwerke-richtig-mit-photovoltaik\u0022  class=\u0022teaser teaser--standard\u0022 aria-label=\u0022Webinar-Aufzeichnung: Wie kombiniere ich Speicherkraftwerke richtig mit Photovoltaik?\u0022\u003E\n      \u003Cdiv class=\u0022teaser-content--image\u0022\u003E\n              \u003Cpicture\u003E\n                        \u003Csource srcset=\u0022\/sites\/default\/files\/styles\/teaser_standard__m\/public\/2025-02\/ere-vorlage.png.webp?itok=mTcpsBwJ 1x\u0022 media=\u0022(min-width: 48.0625em) and (max-width: 64em)\u0022 type=\u0022image\/webp\u0022 width=\u0022323\u0022 height=\u0022174\u0022\/\u003E\n                  \u003Csource srcset=\u0022\/sites\/default\/files\/styles\/teaser_standard__l\/public\/2025-02\/ere-vorlage.png.webp?itok=bsF0u5LO 1x\u0022 media=\u0022(min-width: 64.0625em)\u0022 type=\u0022image\/webp\u0022 width=\u0022203\u0022 height=\u0022109\u0022\/\u003E\n                  \u003Csource srcset=\u0022\/sites\/default\/files\/styles\/teaser_standard__m\/public\/2025-02\/ere-vorlage.png?itok=CYWcCYZE 1x\u0022 media=\u0022(min-width: 48.0625em) and (max-width: 64em)\u0022 type=\u0022image\/png\u0022 width=\u0022323\u0022 height=\u0022174\u0022\/\u003E\n                  \u003Csource srcset=\u0022\/sites\/default\/files\/styles\/teaser_standard__l\/public\/2025-02\/ere-vorlage.png?itok=3nnCLK0h 1x\u0022 media=\u0022(min-width: 64.0625em)\u0022 type=\u0022image\/png\u0022 width=\u0022203\u0022 height=\u0022109\u0022\/\u003E\n                          \u003Cimg loading=\u0022eager\u0022 data-caption-hide width=\u0022708\u0022 height=\u0022381\u0022 data-zoomed=\u0022https:\/\/www.erneuerbareenergien.de\/sites\/default\/files\/styles\/content__zoomed\/public\/2025-02\/ere-vorlage.png?itok=ChLqtIaG\u0022 src=\u0022\/sites\/default\/files\/styles\/teaser_standard__s\/public\/2025-02\/ere-vorlage.png?itok=6Q6c52N4\u0022 alt=\u0022\u0022 title=\u0022Alt-Text: \u201eElektrische Umspannstationen auf einer gr\u00fcnen Wiese vor einer Baumreihe, ausgestattet mit FusionSolar-Technologie f\u00fcr effiziente Solarenergie-Nutzung, dargestellt durch Logos von Huawei. Geeignet f\u00fcr Investoren und Betreiber erneuerbarer Energieprojekte zur Optimierung ihrer Photovoltaik-Infrastrukturen.\u0022 \/\u003E\n\n    \u003C\/picture\u003E\n    \n\n    \u003C\/div\u003E\n    \u003Cdiv class=\u0022teaser-content\u0022\u003E\n                    \u003Cdiv class=\u0022teaser-content--kicker\u0022\u003E\n                    \n        \u003C\/div\u003E\n                                              \n                        \n        \u003Ch4 class=\u0022teaser-content--headline\u0022\u003E\n                                Webinar-Aufzeichnung: Wie kombiniere ich Speicherkraftwerke richtig mit \n                              \u003Cspan class=\u0022headline-last-word-arrow\u0022\u003EPhotovoltaik?                      \u003C\/span\u003E\n        \u003C\/h4\u003E\n            \u003Cdiv class=\u0022teaser-content--publishing-date\u0022\u003E\u003Ctime datetime=\u00222023-12-02T08:05:04Z\u0022\u003E02.12.2023\u003C\/time\u003E\n\u003C\/div\u003E\u003Cspan class=\u0022teaser-content--publishing-date-divider\u0022\u003E - \u003C\/span\u003E\u003Cdiv class=\u0022teaser-content--body\u0022\u003E\u003Cp\u003EWie einfach und schnell k\u00f6nnen Entwickler und Energieversorger Batteriespeicher in allen Gr\u00f6\u00dfenordnungen an das Mittel- und Hochspannungsnetz bringen und welche Vorteile bietet die Smart String Architektur um das Batteriespeichersystem besser ausnutzen zu k\u00f6nnen und gleichzeitig die Verf\u00fcgbarkeit zu erh\u00f6hen? Ein Markt- und Technikexperte von Huawei erkl\u00e4rt es in dieser kostenlosen Webinar-Aufzeichnung.\u003C\/p\u003E\n\u003C\/div\u003E\n                        \u003Cspan class=\u0022read-more-arrow-container\u0022\u003E\n            \u003Cspan class=\u0022read-more-angled-arrow\u0022\u003E \u003C\/span\u003E\n          \u003C\/span\u003E\n                  \u003C\/div\u003E\n    \u003C\/a\u003E\n\u003Ca href=\u0022https:\/\/www.erneuerbareenergien.de\/webinar-huawei-fusionsolar\u0022  class=\u0022teaser teaser--standard\u0022 aria-label=\u0022Webinar am 21. September: So sicher bringen Stadtwerke und Co. die PV-Kapazit\u00e4ten ans gro\u00dfe Netz\u0022\u003E\n      \u003Cdiv class=\u0022teaser-content--image\u0022\u003E\n        \u003Cfigure class=\u0022image--figure\u0022\u003E\n        \u003Cpicture\u003E\n                        \u003Csource srcset=\u0022\/sites\/default\/files\/styles\/teaser_standard__m\/public\/aurora\/2023\/09\/310074.png.webp?itok=PdOAM1L- 1x\u0022 media=\u0022(min-width: 48.0625em) and (max-width: 64em)\u0022 type=\u0022image\/webp\u0022 width=\u0022323\u0022 height=\u0022182\u0022\/\u003E\n                  \u003Csource srcset=\u0022\/sites\/default\/files\/styles\/teaser_standard__l\/public\/aurora\/2023\/09\/310074.png.webp?itok=fIeipPKJ 1x\u0022 media=\u0022(min-width: 64.0625em)\u0022 type=\u0022image\/webp\u0022 width=\u0022203\u0022 height=\u0022114\u0022\/\u003E\n                  \u003Csource srcset=\u0022\/sites\/default\/files\/styles\/teaser_standard__m\/public\/aurora\/2023\/09\/310074.png?itok=q25PniGM 1x\u0022 media=\u0022(min-width: 48.0625em) and (max-width: 64em)\u0022 type=\u0022image\/png\u0022 width=\u0022323\u0022 height=\u0022182\u0022\/\u003E\n                  \u003Csource srcset=\u0022\/sites\/default\/files\/styles\/teaser_standard__l\/public\/aurora\/2023\/09\/310074.png?itok=aJJF9oOK 1x\u0022 media=\u0022(min-width: 64.0625em)\u0022 type=\u0022image\/png\u0022 width=\u0022203\u0022 height=\u0022114\u0022\/\u003E\n                          \u003Cimg alt=\u0022Zuverl\u00e4ssige Leistungselektronik macht einen Solarpark zur sicheren Investition.\u0022 loading=\u0022eager\u0022 data-caption-hide width=\u0022560\u0022 height=\u0022315\u0022 data-zoomed=\u0022https:\/\/www.erneuerbareenergien.de\/sites\/default\/files\/styles\/content__zoomed\/public\/aurora\/2023\/09\/310074.png?itok=fCmYHTVu\u0022 src=\u0022\/sites\/default\/files\/styles\/teaser_standard__s\/public\/aurora\/2023\/09\/310074.png?itok=D962TI9N\u0022 title=\u0022\u00a9 Huawei Fusion Solar\n\u0022 \/\u003E\n\n    \u003C\/picture\u003E\n      \u003Cfigcaption class=\u0022image--figcaption\u0022\u003E\n          \u003Cdiv class=\u0022copyright\u0022\u003EHuawei Fusion Solar\n\u003C\/div\u003E\n          \u003C\/figcaption\u003E\n\u003C\/figure\u003E\n\n\n    \u003C\/div\u003E\n    \u003Cdiv class=\u0022teaser-content\u0022\u003E\n                    \u003Cdiv class=\u0022teaser-content--kicker\u0022\u003E\n                    \n        \u003C\/div\u003E\n                                              \n                        \n        \u003Ch4 class=\u0022teaser-content--headline\u0022\u003E\n                                Webinar am 21. September: So sicher bringen Stadtwerke und Co. die PV-Kapazit\u00e4ten ans gro\u00dfe \n                              \u003Cspan class=\u0022headline-last-word-arrow\u0022\u003ENetz                      \u003C\/span\u003E\n        \u003C\/h4\u003E\n            \u003Cdiv class=\u0022teaser-content--publishing-date\u0022\u003E\u003Ctime datetime=\u00222023-09-19T16:52:20Z\u0022\u003E19.09.2023\u003C\/time\u003E\n\u003C\/div\u003E\u003Cspan class=\u0022teaser-content--publishing-date-divider\u0022\u003E - \u003C\/span\u003E\u003Cdiv class=\u0022teaser-content--body\u0022\u003E\u003Cp\u003EWie einfach und schnell k\u00f6nnen Energieversorger gro\u00dfe Solarfelder ans Hochspannungsnetz bringen und welche Garantien bieten kluge Trafo- und Wechselrichtertechnik? Ein Technikexperte von Huawei erkl\u00e4rt es in diesem kostenlosen Webinar.\u003C\/p\u003E\n\u003C\/div\u003E\n                        \u003Cspan class=\u0022read-more-arrow-container\u0022\u003E\n            \u003Cspan class=\u0022read-more-angled-arrow\u0022\u003E \u003C\/span\u003E\n          \u003C\/span\u003E\n                  \u003C\/div\u003E\n    \u003C\/a\u003E\n\u003Ca href=\u0022\/transformation\/netze\/trend-und-webinar-wie-pv-freiflaechen-bis-100-megawatt-spannend-fuer-stadtwerke-werden\u0022  class=\u0022teaser teaser--standard\u0022 aria-label=\u0022Trend und Webinar: Wie PV-Freifl\u00e4chen bis 100 Megawatt spannend f\u00fcr Stadtwerke werden\u0022\u003E\n      \u003Cdiv class=\u0022teaser-content--image\u0022\u003E\n        \u003Cfigure class=\u0022image--figure\u0022\u003E\n        \u003Cpicture\u003E\n                        \u003Csource srcset=\u0022\/sites\/default\/files\/styles\/teaser_standard__m\/public\/aurora\/2023\/08\/304204.jpeg.webp?itok=9Iu2Ep3Y 1x\u0022 media=\u0022(min-width: 48.0625em) and (max-width: 64em)\u0022 type=\u0022image\/webp\u0022 width=\u0022323\u0022 height=\u0022242\u0022\/\u003E\n                  \u003Csource srcset=\u0022\/sites\/default\/files\/styles\/teaser_standard__l\/public\/aurora\/2023\/08\/304204.jpeg.webp?itok=CMOZo0_Z 1x\u0022 media=\u0022(min-width: 64.0625em)\u0022 type=\u0022image\/webp\u0022 width=\u0022203\u0022 height=\u0022152\u0022\/\u003E\n                  \u003Csource srcset=\u0022\/sites\/default\/files\/styles\/teaser_standard__m\/public\/aurora\/2023\/08\/304204.jpeg?itok=-XCbeVdh 1x\u0022 media=\u0022(min-width: 48.0625em) and (max-width: 64em)\u0022 type=\u0022image\/jpeg\u0022 width=\u0022323\u0022 height=\u0022242\u0022\/\u003E\n                  \u003Csource srcset=\u0022\/sites\/default\/files\/styles\/teaser_standard__l\/public\/aurora\/2023\/08\/304204.jpeg?itok=RJm-NJrd 1x\u0022 media=\u0022(min-width: 64.0625em)\u0022 type=\u0022image\/jpeg\u0022 width=\u0022203\u0022 height=\u0022152\u0022\/\u003E\n                          \u003Cimg alt=\u0022Richard Verdezki, Mitte, erkl\u00e4rt neue Wechselrichter- und Transformatorentechnologie der Utility-Klasse.\u0022 loading=\u0022eager\u0022 data-caption-hide width=\u0022531\u0022 height=\u0022398\u0022 data-zoomed=\u0022https:\/\/www.erneuerbareenergien.de\/sites\/default\/files\/styles\/content__zoomed\/public\/aurora\/2023\/08\/304204.jpeg?itok=mU0NPWmC\u0022 src=\u0022\/sites\/default\/files\/styles\/teaser_standard__s\/public\/aurora\/2023\/08\/304204.jpeg?itok=ThUvij1o\u0022 title=\u0022\u00a9 Huawei FusionSolar\n\u0022 \/\u003E\n\n    \u003C\/picture\u003E\n      \u003Cfigcaption class=\u0022image--figcaption\u0022\u003E\n          \u003Cdiv class=\u0022copyright\u0022\u003EHuawei FusionSolar\n\u003C\/div\u003E\n          \u003C\/figcaption\u003E\n\u003C\/figure\u003E\n\n\n    \u003C\/div\u003E\n    \u003Cdiv class=\u0022teaser-content\u0022\u003E\n                    \u003Cdiv class=\u0022teaser-content--kicker\u0022\u003E\n                    \n        \u003C\/div\u003E\n                                              \n                        \n        \u003Ch4 class=\u0022teaser-content--headline\u0022\u003E\n                                Trend und Webinar: Wie PV-Freifl\u00e4chen bis 100 Megawatt spannend f\u00fcr Stadtwerke \n                              \u003Cspan class=\u0022headline-last-word-arrow\u0022\u003Ewerden                      \u003C\/span\u003E\n        \u003C\/h4\u003E\n            \u003Cdiv class=\u0022teaser-content--publishing-date\u0022\u003E\u003Ctime datetime=\u00222023-08-28T21:32:56Z\u0022\u003E28.08.2023\u003C\/time\u003E\n\u003C\/div\u003E\u003Cspan class=\u0022teaser-content--publishing-date-divider\u0022\u003E - \u003C\/span\u003E\u003Cdiv class=\u0022teaser-content--body\u0022\u003E\u003Cp\u003ENoch sind gro\u00dfe Photovoltaikprojekte wie das der Stadtwerke Trier rar bei Kommunalunternehmen. Spezialumrichter bef\u00f6rdern nun den Versorgermarkt, wie dieses Webinar lehrt.\u003C\/p\u003E\n\u003C\/div\u003E\n                        \u003Cspan class=\u0022read-more-arrow-container\u0022\u003E\n            \u003Cspan class=\u0022read-more-angled-arrow\u0022\u003E \u003C\/span\u003E\n          \u003C\/span\u003E\n                  \u003C\/div\u003E\n    \u003C\/a\u003E\n\u003Ca href=\u0022\/energiemarkt\/energierecht\/webinar-zu-cybersecurity-und-kritis-jetzt-abrufen\u0022  class=\u0022teaser teaser--standard\u0022 aria-label=\u0022Webinar zu Cybersecurity und\u00a0Kritis jetzt abrufen\u0022\u003E\n      \u003Cdiv class=\u0022teaser-content--image\u0022\u003E\n        \u003Cfigure class=\u0022image--figure\u0022\u003E\n        \u003Cpicture\u003E\n                        \u003Csource srcset=\u0022\/sites\/default\/files\/styles\/teaser_standard__m\/public\/aurora\/2023\/08\/298823.jpeg.webp?itok=GpeI0XQD 1x\u0022 media=\u0022(min-width: 48.0625em) and (max-width: 64em)\u0022 type=\u0022image\/webp\u0022 width=\u0022323\u0022 height=\u0022157\u0022\/\u003E\n                  \u003Csource srcset=\u0022\/sites\/default\/files\/styles\/teaser_standard__l\/public\/aurora\/2023\/08\/298823.jpeg.webp?itok=4AezZrrg 1x\u0022 media=\u0022(min-width: 64.0625em)\u0022 type=\u0022image\/webp\u0022 width=\u0022203\u0022 height=\u002299\u0022\/\u003E\n                  \u003Csource srcset=\u0022\/sites\/default\/files\/styles\/teaser_standard__m\/public\/aurora\/2023\/08\/298823.jpeg?itok=4ENRIpEE 1x\u0022 media=\u0022(min-width: 48.0625em) and (max-width: 64em)\u0022 type=\u0022image\/jpeg\u0022 width=\u0022323\u0022 height=\u0022157\u0022\/\u003E\n                  \u003Csource srcset=\u0022\/sites\/default\/files\/styles\/teaser_standard__l\/public\/aurora\/2023\/08\/298823.jpeg?itok=FjZLXtdO 1x\u0022 media=\u0022(min-width: 64.0625em)\u0022 type=\u0022image\/jpeg\u0022 width=\u0022203\u0022 height=\u002299\u0022\/\u003E\n                          \u003Cimg alt=\u0022Webinar zu Cybersecurity und Digitalisierung \u2013 jetzt ansehen!\u0022 loading=\u0022eager\u0022 data-caption-hide width=\u0022708\u0022 height=\u0022345\u0022 data-zoomed=\u0022https:\/\/www.erneuerbareenergien.de\/sites\/default\/files\/styles\/content__zoomed\/public\/aurora\/2023\/08\/298823.jpeg?itok=Tr7JeAzW\u0022 src=\u0022\/sites\/default\/files\/styles\/teaser_standard__s\/public\/aurora\/2023\/08\/298823.jpeg?itok=BglpoMV9\u0022 title=\u0022\u00a9 leowolfert - stock.adobe.com\n\u0022 \/\u003E\n\n    \u003C\/picture\u003E\n      \u003Cfigcaption class=\u0022image--figcaption\u0022\u003E\n          \u003Cdiv class=\u0022copyright\u0022\u003Eleowolfert - stock.adobe.com\n\u003C\/div\u003E\n          \u003C\/figcaption\u003E\n\u003C\/figure\u003E\n\n\n    \u003C\/div\u003E\n    \u003Cdiv class=\u0022teaser-content\u0022\u003E\n                    \u003Cdiv class=\u0022teaser-content--kicker\u0022\u003E\n                    \n        \u003C\/div\u003E\n                                              \n                        \n        \u003Ch4 class=\u0022teaser-content--headline\u0022\u003E\n                                Webinar zu Cybersecurity und\u00a0Kritis jetzt \n                              \u003Cspan class=\u0022headline-last-word-arrow\u0022\u003Eabrufen                      \u003C\/span\u003E\n        \u003C\/h4\u003E\n            \u003Cdiv class=\u0022teaser-content--publishing-date\u0022\u003E\u003Ctime datetime=\u00222023-08-02T07:24:15Z\u0022\u003E02.08.2023\u003C\/time\u003E\n\u003C\/div\u003E\u003Cspan class=\u0022teaser-content--publishing-date-divider\u0022\u003E - \u003C\/span\u003E\u003Cdiv class=\u0022teaser-content--body\u0022\u003E\u003Cp\u003ENeue gesetzliche Vorgaben verlangen von Unternehmen Anpassungen in Sachen IT-Sicherheit und Kritische Infrastruktur. Bei Nicht-Beachtung drohen Strafen in Millionen-H\u00f6he. Die Aufzeichnung unseres Webinars gibt Aufschluss.\u003C\/p\u003E\n\u003C\/div\u003E\n                        \u003Cspan class=\u0022read-more-arrow-container\u0022\u003E\n            \u003Cspan class=\u0022read-more-angled-arrow\u0022\u003E \u003C\/span\u003E\n          \u003C\/span\u003E\n                  \u003C\/div\u003E\n    \u003C\/a\u003E\n\u003Ca href=\u0022\/energiemarkt\/finanzierung\/die-geldfluesse-unter-kontrolle-behalten-aufzeichnung-des-webinars-jetzt-verfuegbar\u0022  class=\u0022teaser teaser--standard\u0022 aria-label=\u0022Die Geldfl\u00fcsse unter Kontrolle behalten \u2013 Aufzeichnung des Webinars jetzt verf\u00fcgbar\u0022\u003E\n      \u003Cdiv class=\u0022teaser-content--image\u0022\u003E\n        \u003Cfigure class=\u0022image--figure\u0022\u003E\n        \u003Cpicture\u003E\n                        \u003Csource srcset=\u0022\/sites\/default\/files\/styles\/teaser_standard__m\/public\/aurora\/2023\/05\/283454.jpeg.webp?itok=Vta0g01_ 1x\u0022 media=\u0022(min-width: 48.0625em) and (max-width: 64em)\u0022 type=\u0022image\/webp\u0022 width=\u0022323\u0022 height=\u0022182\u0022\/\u003E\n                  \u003Csource srcset=\u0022\/sites\/default\/files\/styles\/teaser_standard__l\/public\/aurora\/2023\/05\/283454.jpeg.webp?itok=c9trLAsu 1x\u0022 media=\u0022(min-width: 64.0625em)\u0022 type=\u0022image\/webp\u0022 width=\u0022203\u0022 height=\u0022114\u0022\/\u003E\n                  \u003Csource srcset=\u0022\/sites\/default\/files\/styles\/teaser_standard__m\/public\/aurora\/2023\/05\/283454.jpeg?itok=wO0PCK-7 1x\u0022 media=\u0022(min-width: 48.0625em) and (max-width: 64em)\u0022 type=\u0022image\/jpeg\u0022 width=\u0022323\u0022 height=\u0022182\u0022\/\u003E\n                  \u003Csource srcset=\u0022\/sites\/default\/files\/styles\/teaser_standard__l\/public\/aurora\/2023\/05\/283454.jpeg?itok=d-lJ46vZ 1x\u0022 media=\u0022(min-width: 64.0625em)\u0022 type=\u0022image\/jpeg\u0022 width=\u0022203\u0022 height=\u0022114\u0022\/\u003E\n                          \u003Cimg alt=\u0022Im kostenlosen Webinar zum Cashflow-Management lernen Planer von \u00d6kostromprojekten, wie sie mit Einfl\u00fcssen wie Krieg und schwankenden Rohstoffpreisen umgehen k\u00f6nnen.\u0022 loading=\u0022eager\u0022 data-caption-hide width=\u0022708\u0022 height=\u0022398\u0022 data-zoomed=\u0022https:\/\/www.erneuerbareenergien.de\/sites\/default\/files\/styles\/content__zoomed\/public\/aurora\/2023\/05\/283454.jpeg?itok=7R5Gl9iA\u0022 src=\u0022\/sites\/default\/files\/styles\/teaser_standard__s\/public\/aurora\/2023\/05\/283454.jpeg?itok=_UA3xbBh\u0022 title=\u0022\u00a9 Agicap\n\u0022 \/\u003E\n\n    \u003C\/picture\u003E\n      \u003Cfigcaption class=\u0022image--figcaption\u0022\u003E\n          \u003Cdiv class=\u0022copyright\u0022\u003EAgicap\n\u003C\/div\u003E\n          \u003C\/figcaption\u003E\n\u003C\/figure\u003E\n\n\n    \u003C\/div\u003E\n    \u003Cdiv class=\u0022teaser-content\u0022\u003E\n                    \u003Cdiv class=\u0022teaser-content--kicker\u0022\u003E\n                    \n        \u003C\/div\u003E\n                                              \n                        \n        \u003Ch4 class=\u0022teaser-content--headline\u0022\u003E\n                                Die Geldfl\u00fcsse unter Kontrolle behalten \u2013 Aufzeichnung des Webinars jetzt \n                              \u003Cspan class=\u0022headline-last-word-arrow\u0022\u003Everf\u00fcgbar                      \u003C\/span\u003E\n        \u003C\/h4\u003E\n            \u003Cdiv class=\u0022teaser-content--publishing-date\u0022\u003E\u003Ctime datetime=\u00222023-05-30T12:30:02Z\u0022\u003E30.05.2023\u003C\/time\u003E\n\u003C\/div\u003E\u003Cspan class=\u0022teaser-content--publishing-date-divider\u0022\u003E - \u003C\/span\u003E\u003Cdiv class=\u0022teaser-content--body\u0022\u003E\u003Cp\u003EWie k\u00f6nnen Planer, Errichter und Betriebsf\u00fchrer von Solar- und Windkraftanlagen ihre Geldfl\u00fcsse immer im Blick behalten? Diese Frage stand im Mittelpunkt unseres Webinars mit Agicap. Schauen Sie sich das Webinar als Aufzeichnung an.\u003C\/p\u003E\n\u003C\/div\u003E\n                        \u003Cspan class=\u0022read-more-arrow-container\u0022\u003E\n            \u003Cspan class=\u0022read-more-angled-arrow\u0022\u003E \u003C\/span\u003E\n          \u003C\/span\u003E\n                  \u003C\/div\u003E\n    \u003C\/a\u003E\n\u003Ca href=\u0022\/energieversorger\/energiekonzerne\/so-ist-direktvermarktung-profitabel\u0022  class=\u0022teaser teaser--standard\u0022 aria-label=\u0022So ist Direktvermarktung profitabel\u0022\u003E\n      \u003Cdiv class=\u0022teaser-content--image\u0022\u003E\n        \u003Cfigure class=\u0022image--figure\u0022\u003E\n        \u003Cpicture\u003E\n                        \u003Csource srcset=\u0022\/sites\/default\/files\/styles\/teaser_standard__m\/public\/aurora\/2024\/10\/234956.jpeg.webp?itok=B7NOeFRs 1x\u0022 media=\u0022(min-width: 48.0625em) and (max-width: 64em)\u0022 type=\u0022image\/webp\u0022 width=\u0022323\u0022 height=\u0022125\u0022\/\u003E\n                  \u003Csource srcset=\u0022\/sites\/default\/files\/styles\/teaser_standard__l\/public\/aurora\/2024\/10\/234956.jpeg.webp?itok=xLL8gIDf 1x\u0022 media=\u0022(min-width: 64.0625em)\u0022 type=\u0022image\/webp\u0022 width=\u0022203\u0022 height=\u002279\u0022\/\u003E\n                  \u003Csource srcset=\u0022\/sites\/default\/files\/styles\/teaser_standard__m\/public\/aurora\/2024\/10\/234956.jpeg?itok=zyMaKCli 1x\u0022 media=\u0022(min-width: 48.0625em) and (max-width: 64em)\u0022 type=\u0022image\/jpeg\u0022 width=\u0022323\u0022 height=\u0022125\u0022\/\u003E\n                  \u003Csource srcset=\u0022\/sites\/default\/files\/styles\/teaser_standard__l\/public\/aurora\/2024\/10\/234956.jpeg?itok=UbFBCi5d 1x\u0022 media=\u0022(min-width: 64.0625em)\u0022 type=\u0022image\/jpeg\u0022 width=\u0022203\u0022 height=\u002279\u0022\/\u003E\n                          \u003Cimg alt=\u0022Webinar mit Leag Energy Cubes (Bild unten links, von links nach rechts): Christian F\u00fcnfgeld, Harald Altmann, Philipp Schwerdtner\u0022 loading=\u0022eager\u0022 data-caption-hide width=\u0022708\u0022 height=\u0022275\u0022 data-zoomed=\u0022https:\/\/www.erneuerbareenergien.de\/sites\/default\/files\/styles\/content__zoomed\/public\/aurora\/2024\/10\/234956.jpeg?itok=u_CFf2zq\u0022 src=\u0022\/sites\/default\/files\/styles\/teaser_standard__s\/public\/aurora\/2024\/10\/234956.jpeg?itok=BQzcF-Iz\u0022 title=\u0022\u00a9 Foto: Screenshot - ERNEUERBARE ENERGIEN\u0022 \/\u003E\n\n    \u003C\/picture\u003E\n      \u003Cfigcaption class=\u0022image--figcaption\u0022\u003E\n          \u003Cdiv class=\u0022copyright\u0022\u003EFoto: Screenshot - ERNEUERBARE ENERGIEN\u003C\/div\u003E\n          \u003C\/figcaption\u003E\n\u003C\/figure\u003E\n\n\n    \u003C\/div\u003E\n    \u003Cdiv class=\u0022teaser-content\u0022\u003E\n                    \u003Cdiv class=\u0022teaser-content--kicker\u0022\u003E\n                    \n        \u003C\/div\u003E\n                                              \n                        \n        \u003Ch4 class=\u0022teaser-content--headline\u0022\u003E\n                                So ist Direktvermarktung \n                              \u003Cspan class=\u0022headline-last-word-arrow\u0022\u003Eprofitabel              \u003Cspan\n                  class=\u0022permission-lock permission-lock-icon--\u0022\u003E\u003C\/span\u003E\n                                  \u003C\/span\u003E\n        \u003C\/h4\u003E\n            \u003Cdiv class=\u0022teaser-content--publishing-date\u0022\u003E\u003Ctime datetime=\u00222022-10-27T14:20:55Z\u0022\u003E27.10.2022\u003C\/time\u003E\n\u003C\/div\u003E\u003Cspan class=\u0022teaser-content--publishing-date-divider\u0022\u003E - \u003C\/span\u003E\u003Cdiv class=\u0022teaser-content--body\u0022\u003E\u003Cp\u003EAn der Stromb\u00f6rse lassen sich seit einem Jahr beste Marktwerte erzielen. Doch daran hat nur Freude, wer auch mit den Risiken gut umgeht, erkl\u00e4rte Leag Energy Cubes in unserem Webinar\u003C\/p\u003E\n\u003C\/div\u003E\n                        \u003Cspan class=\u0022read-more-arrow-container\u0022\u003E\n            \u003Cspan class=\u0022read-more-angled-arrow\u0022\u003E \u003C\/span\u003E\n          \u003C\/span\u003E\n                  \u003C\/div\u003E\n    \u003C\/a\u003E\n\u003Ca href=\u0022\/energieversorger\/kommunen\/waermenetze-investitionsbeihilfen-von-bis-zu-40-prozent\u0022  class=\u0022teaser teaser--standard\u0022 aria-label=\u0022W\u00e4rmenetze:\u00a0Investitionsbeihilfen von bis zu 40 Prozent\u0022\u003E\n      \u003Cdiv class=\u0022teaser-content--image\u0022\u003E\n        \u003Cfigure class=\u0022image--figure\u0022\u003E\n        \u003Cpicture\u003E\n                        \u003Csource srcset=\u0022\/sites\/default\/files\/styles\/teaser_standard__m\/public\/aurora\/2022\/08\/216305.jpeg.webp?itok=3h_YET5C 1x\u0022 media=\u0022(min-width: 48.0625em) and (max-width: 64em)\u0022 type=\u0022image\/webp\u0022 width=\u0022323\u0022 height=\u0022213\u0022\/\u003E\n                  \u003Csource srcset=\u0022\/sites\/default\/files\/styles\/teaser_standard__l\/public\/aurora\/2022\/08\/216305.jpeg.webp?itok=vMjlD926 1x\u0022 media=\u0022(min-width: 64.0625em)\u0022 type=\u0022image\/webp\u0022 width=\u0022203\u0022 height=\u0022134\u0022\/\u003E\n                  \u003Csource srcset=\u0022\/sites\/default\/files\/styles\/teaser_standard__m\/public\/aurora\/2022\/08\/216305.jpeg?itok=uQUpoJFo 1x\u0022 media=\u0022(min-width: 48.0625em) and (max-width: 64em)\u0022 type=\u0022image\/jpeg\u0022 width=\u0022323\u0022 height=\u0022213\u0022\/\u003E\n                  \u003Csource srcset=\u0022\/sites\/default\/files\/styles\/teaser_standard__l\/public\/aurora\/2022\/08\/216305.jpeg?itok=3OqJBQmV 1x\u0022 media=\u0022(min-width: 64.0625em)\u0022 type=\u0022image\/jpeg\u0022 width=\u0022203\u0022 height=\u0022134\u0022\/\u003E\n                          \u003Cimg alt=\u0022Antragsberechtigt sind Betreiber von W\u00e4rmenetzen und solche, die es werden wollen. Investitionsbeihilfen in H\u00f6he von bis zu 40 Prozent sind m\u00f6glich.\u0022 loading=\u0022eager\u0022 data-caption-hide width=\u0022602\u0022 height=\u0022398\u0022 data-zoomed=\u0022https:\/\/www.erneuerbareenergien.de\/sites\/default\/files\/styles\/content__zoomed\/public\/aurora\/2022\/08\/216305.jpeg?itok=6Ws2giD3\u0022 src=\u0022\/sites\/default\/files\/styles\/teaser_standard__s\/public\/aurora\/2022\/08\/216305.jpeg?itok=gIeJ6-Y5\u0022 title=\u0022\u00a9 Kara - stock.adobe.com\n\u0022 \/\u003E\n\n    \u003C\/picture\u003E\n      \u003Cfigcaption class=\u0022image--figcaption\u0022\u003E\n          \u003Cdiv class=\u0022copyright\u0022\u003EKara - stock.adobe.com\n\u003C\/div\u003E\n          \u003C\/figcaption\u003E\n\u003C\/figure\u003E\n\n\n    \u003C\/div\u003E\n    \u003Cdiv class=\u0022teaser-content\u0022\u003E\n                    \u003Cdiv class=\u0022teaser-content--kicker\u0022\u003E\n                    \n        \u003C\/div\u003E\n                                              \n                        \n        \u003Ch4 class=\u0022teaser-content--headline\u0022\u003E\n                                W\u00e4rmenetze:\u00a0Investitionsbeihilfen von bis zu 40 \n                              \u003Cspan class=\u0022headline-last-word-arrow\u0022\u003EProzent                      \u003C\/span\u003E\n        \u003C\/h4\u003E\n            \u003Cdiv class=\u0022teaser-content--publishing-date\u0022\u003E\u003Ctime datetime=\u00222022-08-12T13:46:12Z\u0022\u003E12.08.2022\u003C\/time\u003E\n\u003C\/div\u003E\u003Cspan class=\u0022teaser-content--publishing-date-divider\u0022\u003E - \u003C\/span\u003E\u003Cdiv class=\u0022teaser-content--body\u0022\u003E\u003Cp\u003EDie Europ\u00e4ische Kommission hat\u0026nbsp; die deutsche Regelung zur finanziellen F\u00f6rderung gr\u00fcner Fernw\u00e4rme gebilligt.\u0026nbsp;Die Bundesf\u00f6rderung f\u00fcr effiziente W\u00e4rmenetze (BEW) soll k\u00fcnftig den Ausbau von W\u00e4rmenetzen auf Basis erneuerbarer Energien und Abw\u00e4rme vorantreiben.\u003C\/p\u003E\n\u003C\/div\u003E\n                        \u003Cspan class=\u0022read-more-arrow-container\u0022\u003E\n            \u003Cspan class=\u0022read-more-angled-arrow\u0022\u003E \u003C\/span\u003E\n          \u003C\/span\u003E\n                  \u003C\/div\u003E\n    \u003C\/a\u003E\n\u003Ca href=\u0022\/markt\/regenerativanlage-finanzieren-und-dabei-direktvermarkter-finden\u0022  class=\u0022teaser teaser--standard\u0022 aria-label=\u0022Regenerativanlage finanzieren und dabei Direktvermarkter finden\u00a0\u0022\u003E\n      \u003Cdiv class=\u0022teaser-content--image\u0022\u003E\n        \u003Cfigure class=\u0022image--figure\u0022\u003E\n        \u003Cpicture\u003E\n                        \u003Csource srcset=\u0022\/sites\/default\/files\/styles\/teaser_standard__m\/public\/aurora\/2022\/04\/186462.png.webp?itok=oBbFsXAi 1x\u0022 media=\u0022(min-width: 48.0625em) and (max-width: 64em)\u0022 type=\u0022image\/webp\u0022 width=\u0022323\u0022 height=\u0022173\u0022\/\u003E\n                  \u003Csource srcset=\u0022\/sites\/default\/files\/styles\/teaser_standard__l\/public\/aurora\/2022\/04\/186462.png.webp?itok=Wz8K3vus 1x\u0022 media=\u0022(min-width: 64.0625em)\u0022 type=\u0022image\/webp\u0022 width=\u0022203\u0022 height=\u0022109\u0022\/\u003E\n                  \u003Csource srcset=\u0022\/sites\/default\/files\/styles\/teaser_standard__m\/public\/aurora\/2022\/04\/186462.png?itok=-XXzjB3n 1x\u0022 media=\u0022(min-width: 48.0625em) and (max-width: 64em)\u0022 type=\u0022image\/png\u0022 width=\u0022323\u0022 height=\u0022173\u0022\/\u003E\n                  \u003Csource srcset=\u0022\/sites\/default\/files\/styles\/teaser_standard__l\/public\/aurora\/2022\/04\/186462.png?itok=6c8rrE1E 1x\u0022 media=\u0022(min-width: 64.0625em)\u0022 type=\u0022image\/png\u0022 width=\u0022203\u0022 height=\u0022109\u0022\/\u003E\n                          \u003Cimg alt=\u0022Unser Redakteur\u00a0Tilman Weber moderierte das Webinar von EnBW zum Thema Direktvermarktung. Jan Bauer referierte als Experte f\u00fcr das Thema vonseiten der EnBW.\u0022 loading=\u0022eager\u0022 data-caption-hide width=\u0022708\u0022 height=\u0022379\u0022 data-zoomed=\u0022https:\/\/www.erneuerbareenergien.de\/sites\/default\/files\/styles\/content__zoomed\/public\/aurora\/2022\/04\/186462.png?itok=MCGGtIie\u0022 src=\u0022\/sites\/default\/files\/styles\/teaser_standard__s\/public\/aurora\/2022\/04\/186462.png?itok=OFdXXJPF\u0022 title=\u0022\u00a9 Screenshot GENTNER\n\u0022 \/\u003E\n\n    \u003C\/picture\u003E\n      \u003Cfigcaption class=\u0022image--figcaption\u0022\u003E\n          \u003Cdiv class=\u0022copyright\u0022\u003EScreenshot GENTNER\n\u003C\/div\u003E\n          \u003C\/figcaption\u003E\n\u003C\/figure\u003E\n\n\n    \u003C\/div\u003E\n    \u003Cdiv class=\u0022teaser-content\u0022\u003E\n                    \u003Cdiv class=\u0022teaser-content--kicker\u0022\u003E\n                    \n        \u003C\/div\u003E\n                                              \n                        \n        \u003Ch4 class=\u0022teaser-content--headline\u0022\u003E\n                                Regenerativanlage finanzieren und dabei Direktvermarkter \n                              \u003Cspan class=\u0022headline-last-word-arrow\u0022\u003Efinden\u00a0                      \u003C\/span\u003E\n        \u003C\/h4\u003E\n            \u003Cdiv class=\u0022teaser-content--publishing-date\u0022\u003E\u003Ctime datetime=\u00222022-04-06T14:02:16Z\u0022\u003E06.04.2022\u003C\/time\u003E\n\u003C\/div\u003E\u003Cspan class=\u0022teaser-content--publishing-date-divider\u0022\u003E - \u003C\/span\u003E\u003Cdiv class=\u0022teaser-content--body\u0022\u003E\u003Cp\u003EWebinar-Aufzeichnung jetzt kostenlos abrufen: Direktvermarktung als Wettbewerbsvorteil bei der Finanzierung von Erneuerbare-Energien-Projekten am Praxisbeispiel DKB.\u003C\/p\u003E\n\u003C\/div\u003E\n                        \u003Cspan class=\u0022read-more-arrow-container\u0022\u003E\n            \u003Cspan class=\u0022read-more-angled-arrow\u0022\u003E \u003C\/span\u003E\n          \u003C\/span\u003E\n                  \u003C\/div\u003E\n    \u003C\/a\u003E\n","entity_type":"node","used_ids":["",250061,248761,245727,242261,241506,240789,237432,235189,232882,230065,222187,213449,210621,209569,208792,205942,197272,194176,188666],"show_more":""}]