[{"command":"settings","settings":{"pluralDelimiter":"\u0003","suppressDeprecationErrors":true,"ajaxPageState":{"libraries":"eJxLzi9K1S_ITC4pLUpNy8zJ0UmpzEvMzUyOT80rySypjM_JLC7RL87IL4_PBaoEALH_EqY","theme":"ivory","theme_token":null},"ajaxTrustedUrl":[],"user":{"uid":0,"permissionsHash":"9c975576f1b96e43d31b3ff34c1ca6b53b6096ff14d83974ef00f2d68011e8fb"}},"merge":true},{"command":"add_css","data":[{"rel":"stylesheet","media":"all","href":"\/core\/themes\/stable9\/css\/core\/components\/progress.module.css?te7139"},{"rel":"stylesheet","media":"all","href":"\/core\/themes\/stable9\/css\/core\/components\/ajax-progress.module.css?te7139"},{"rel":"stylesheet","media":"all","href":"\/themes\/contrib\/gin\/dist\/css\/components\/ajax.css?te7139"}]},{"command":"add_js","selector":"body","data":[{"src":"\/core\/assets\/vendor\/jquery\/jquery.min.js?v=4.0.0"},{"src":"\/sites\/default\/files\/js\/js_r2NZTSEf6DGaM5CM5zGvFtfOgqK25swusB6pVrJ_gZg.js?scope=footer\u0026delta=1\u0026language=de-ere\u0026theme=ivory\u0026include=eJxLqcxLzM1Mjk_NK8ksqYzPySwu0S_OyC-Pz80vSgUAtBcL_w"}]},{"command":"showMoreTeasers","id":"del--paragraph-649564","content":"\u003Ca href=\u0022\/energieversorger\/kommunen\/energieversorger-wenn-die-kommune-selbst-plant\u0022  class=\u0022teaser teaser--standard\u0022 aria-label=\u0022Wenn die Kommune selbst plant \r\u0022\u003E\n      \u003Cdiv class=\u0022teaser-content--image\u0022\u003E\n        \u003Cfigure class=\u0022image--figure\u0022\u003E\n        \u003Cpicture\u003E\n                        \u003Csource srcset=\u0022\/sites\/default\/files\/styles\/teaser_standard__m\/public\/aurora\/2026\/04\/527702.jpeg.webp?itok=klNX-OdO 1x\u0022 media=\u0022(min-width: 48.0625em) and (max-width: 64em)\u0022 type=\u0022image\/webp\u0022 width=\u0022323\u0022 height=\u0022230\u0022\/\u003E\n                  \u003Csource srcset=\u0022\/sites\/default\/files\/styles\/teaser_standard__l\/public\/aurora\/2026\/04\/527702.jpeg.webp?itok=_2av0_xI 1x\u0022 media=\u0022(min-width: 64.0625em)\u0022 type=\u0022image\/webp\u0022 width=\u0022203\u0022 height=\u0022144\u0022\/\u003E\n                  \u003Csource srcset=\u0022\/sites\/default\/files\/styles\/teaser_standard__m\/public\/aurora\/2026\/04\/527702.jpeg?itok=wsW24R0Y 1x\u0022 media=\u0022(min-width: 48.0625em) and (max-width: 64em)\u0022 type=\u0022image\/jpeg\u0022 width=\u0022323\u0022 height=\u0022230\u0022\/\u003E\n                  \u003Csource srcset=\u0022\/sites\/default\/files\/styles\/teaser_standard__l\/public\/aurora\/2026\/04\/527702.jpeg?itok=H0dOt9fh 1x\u0022 media=\u0022(min-width: 64.0625em)\u0022 type=\u0022image\/jpeg\u0022 width=\u0022203\u0022 height=\u0022144\u0022\/\u003E\n                          \u003Cimg loading=\u0022eager\u0022 data-caption-hide width=\u0022560\u0022 height=\u0022398\u0022 data-zoomed=\u0022https:\/\/www.erneuerbareenergien.de\/sites\/default\/files\/styles\/content__zoomed\/public\/aurora\/2026\/04\/527702.jpeg?itok=KeKAQDwo\u0022 src=\u0022\/sites\/default\/files\/styles\/teaser_standard__s\/public\/aurora\/2026\/04\/527702.jpeg?itok=eYPws99b\u0022 title=\u0022Ein P\u00e4rchen mit Rucks\u00e4cken sitzt auf einer H\u00fcgelkuppe und blickt auf eine malerische Stadt im Tal darunter. - \u00a9 Foto: Philipp Reinhard - Stadt Bad Mergentheim\u0022 \/\u003E\n\n    \u003C\/picture\u003E\n      \u003Cfigcaption class=\u0022image--figcaption\u0022\u003E\n          \u003Cdiv class=\u0022copyright\u0022\u003EFoto: Philipp Reinhard - Stadt Bad Mergentheim\u003C\/div\u003E\n          \u003C\/figcaption\u003E\n\u003C\/figure\u003E\n\n\n    \u003C\/div\u003E\n    \u003Cdiv class=\u0022teaser-content\u0022\u003E\n                    \u003Cdiv class=\u0022teaser-content--kicker\u0022\u003E\n                    Energieversorger\n\n        \u003C\/div\u003E\n                                              \n                        \n        \u003Ch4 class=\u0022teaser-content--headline\u0022\u003E\n                                Wenn die Kommune selbst \n                              \u003Cspan class=\u0022headline-last-word-arrow\u0022\u003Eplant              \u003Cspan\n                  class=\u0022permission-lock permission-lock-icon--\u0022\u003E\u003C\/span\u003E\n                                  \u003C\/span\u003E\n        \u003C\/h4\u003E\n            \u003Cdiv class=\u0022teaser-content--publishing-date\u0022\u003E\u003Ctime datetime=\u00222026-04-10T09:54:43Z\u0022\u003E10.04.2026\u003C\/time\u003E\n\u003C\/div\u003E\u003Cspan class=\u0022teaser-content--publishing-date-divider\u0022\u003E - \u003C\/span\u003E\u003Cdiv class=\u0022teaser-content--body\u0022\u003E\u003Cp\u003EGemeinden k\u00f6nnen selbst\u0026nbsp;Wind- und Solarparks\u0026nbsp;entwickeln und davon\u0026nbsp;profitieren.\u003C\/p\u003E\n\u003C\/div\u003E\n                        \u003Cspan class=\u0022read-more-arrow-container\u0022\u003E\n            \u003Cspan class=\u0022read-more-angled-arrow\u0022\u003E \u003C\/span\u003E\n          \u003C\/span\u003E\n                  \u003C\/div\u003E\n    \u003C\/a\u003E\n\u003Ca href=\u0022\/energieversorger\/kommunen\/kommunen-im-wind\u0022  class=\u0022teaser teaser--standard\u0022 aria-label=\u0022Kommunen im Wind\u0022\u003E\n      \u003Cdiv class=\u0022teaser-content--image\u0022\u003E\n        \u003Cfigure class=\u0022image--figure\u0022\u003E\n        \u003Cpicture\u003E\n                        \u003Csource srcset=\u0022\/sites\/default\/files\/styles\/teaser_standard__m\/public\/aurora\/2026\/04\/527704.jpeg.webp?itok=gu4J_CrE 1x\u0022 media=\u0022(min-width: 48.0625em) and (max-width: 64em)\u0022 type=\u0022image\/webp\u0022 width=\u0022287\u0022 height=\u0022242\u0022\/\u003E\n                  \u003Csource srcset=\u0022\/sites\/default\/files\/styles\/teaser_standard__l\/public\/aurora\/2026\/04\/527704.jpeg.webp?itok=iEn3kTU_ 1x\u0022 media=\u0022(min-width: 64.0625em)\u0022 type=\u0022image\/webp\u0022 width=\u0022180\u0022 height=\u0022152\u0022\/\u003E\n                  \u003Csource srcset=\u0022\/sites\/default\/files\/styles\/teaser_standard__m\/public\/aurora\/2026\/04\/527704.jpeg?itok=o7jPiumi 1x\u0022 media=\u0022(min-width: 48.0625em) and (max-width: 64em)\u0022 type=\u0022image\/jpeg\u0022 width=\u0022287\u0022 height=\u0022242\u0022\/\u003E\n                  \u003Csource srcset=\u0022\/sites\/default\/files\/styles\/teaser_standard__l\/public\/aurora\/2026\/04\/527704.jpeg?itok=bsHdTdKX 1x\u0022 media=\u0022(min-width: 64.0625em)\u0022 type=\u0022image\/jpeg\u0022 width=\u0022180\u0022 height=\u0022152\u0022\/\u003E\n                          \u003Cimg alt=\u0022Entstehender Windpark Wei\u00dfenbrunn\u0022 loading=\u0022eager\u0022 data-caption-hide width=\u0022472\u0022 height=\u0022398\u0022 data-zoomed=\u0022https:\/\/www.erneuerbareenergien.de\/sites\/default\/files\/styles\/content__zoomed\/public\/aurora\/2026\/04\/527704.jpeg?itok=YfGHgc_a\u0022 src=\u0022\/sites\/default\/files\/styles\/teaser_standard__s\/public\/aurora\/2026\/04\/527704.jpeg?itok=5fmuTxMe\u0022 title=\u0022\u00a9 Foto: M\u00fcnch Energie\u0022 \/\u003E\n\n    \u003C\/picture\u003E\n      \u003Cfigcaption class=\u0022image--figcaption\u0022\u003E\n          \u003Cdiv class=\u0022copyright\u0022\u003EFoto: M\u00fcnch Energie\u003C\/div\u003E\n          \u003C\/figcaption\u003E\n\u003C\/figure\u003E\n\n\n    \u003C\/div\u003E\n    \u003Cdiv class=\u0022teaser-content\u0022\u003E\n                    \u003Cdiv class=\u0022teaser-content--kicker\u0022\u003E\n                    \n        \u003C\/div\u003E\n                                              \n                        \n        \u003Ch4 class=\u0022teaser-content--headline\u0022\u003E\n                                Kommunen im \n                              \u003Cspan class=\u0022headline-last-word-arrow\u0022\u003EWind              \u003Cspan\n                  class=\u0022permission-lock permission-lock-icon--\u0022\u003E\u003C\/span\u003E\n                                  \u003C\/span\u003E\n        \u003C\/h4\u003E\n            \u003Cdiv class=\u0022teaser-content--publishing-date\u0022\u003E\u003Ctime datetime=\u00222026-04-10T09:54:36Z\u0022\u003E10.04.2026\u003C\/time\u003E\n\u003C\/div\u003E\u003Cspan class=\u0022teaser-content--publishing-date-divider\u0022\u003E - \u003C\/span\u003E\u003Cdiv class=\u0022teaser-content--body\u0022\u003E\u003Cp\u003EEin Windpark entsteht fast ohne finanziellen Vorteil\u0026nbsp;f\u00fcr die Kommune? Zwei St\u00e4dte nehmen das nicht\u0026nbsp;hin und erh\u00f6hen nebenbei die Akzeptanz.\u003C\/p\u003E\n\u003C\/div\u003E\n                        \u003Cspan class=\u0022read-more-arrow-container\u0022\u003E\n            \u003Cspan class=\u0022read-more-angled-arrow\u0022\u003E \u003C\/span\u003E\n          \u003C\/span\u003E\n                  \u003C\/div\u003E\n    \u003C\/a\u003E\n\u003Ca href=\u0022\/energieversorger\/kommunen\/sonnige-daecher-der-stadt-nutzen\u0022  class=\u0022teaser teaser--standard\u0022 aria-label=\u0022Sonnige D\u00e4cher der Stadt\ufeff nutzen\u0022\u003E\n      \u003Cdiv class=\u0022teaser-content--image\u0022\u003E\n      \n    \u003C\/div\u003E\n    \u003Cdiv class=\u0022teaser-content\u0022\u003E\n                    \u003Cdiv class=\u0022teaser-content--kicker\u0022\u003E\n                    \n        \u003C\/div\u003E\n                                              \n                        \n        \u003Ch4 class=\u0022teaser-content--headline\u0022\u003E\n                                Sonnige D\u00e4cher der Stadt\ufeff \n                              \u003Cspan class=\u0022headline-last-word-arrow\u0022\u003Enutzen              \u003Cspan\n                  class=\u0022permission-lock permission-lock-icon--\u0022\u003E\u003C\/span\u003E\n                                  \u003C\/span\u003E\n        \u003C\/h4\u003E\n            \u003Cdiv class=\u0022teaser-content--publishing-date\u0022\u003E\u003Ctime datetime=\u00222026-04-10T09:47:26Z\u0022\u003E10.04.2026\u003C\/time\u003E\n\u003C\/div\u003E\u003Cspan class=\u0022teaser-content--publishing-date-divider\u0022\u003E - \u003C\/span\u003E\u003Cdiv class=\u0022teaser-content--body\u0022\u003E\u003Cp\u003EGro\u00dfst\u00e4dte verf\u00fcgen \u00fcber viel Potenzial f\u00fcr Photovoltaikanlagen auf Dachfl\u00e4chen.\u0026nbsp;Eine M\u00f6glichkeit, wie auch Mieterinnen und Mieter aktiv an der Energiewende teilnehmen.\u003C\/p\u003E\n\u003C\/div\u003E\n                        \u003Cspan class=\u0022read-more-arrow-container\u0022\u003E\n            \u003Cspan class=\u0022read-more-angled-arrow\u0022\u003E \u003C\/span\u003E\n          \u003C\/span\u003E\n                  \u003C\/div\u003E\n    \u003C\/a\u003E\n\u003Ca href=\u0022\/energieversorger\/kommunen\/podcast-berlin-sprechen-wir-von-45-bis-60-quadratkilometern-theoretisch-nutzbarer\u0022  class=\u0022teaser teaser--standard\u0022 aria-label=\u0022\u201eIn Berlin sprechen wir von 45 bis 60 Quadratkilometern theoretisch nutzbarer Dachfl\u00e4chen f\u00fcr Solar\u201c \u0022\u003E\n      \u003Cdiv class=\u0022teaser-content--image\u0022\u003E\n        \u003Cfigure class=\u0022image--figure\u0022\u003E\n        \u003Cpicture\u003E\n                        \u003Csource srcset=\u0022\/sites\/default\/files\/styles\/teaser_standard__m\/public\/aurora\/2026\/03\/521045.png.webp?itok=RaZPYhTx 1x\u0022 media=\u0022(min-width: 48.0625em) and (max-width: 64em)\u0022 type=\u0022image\/webp\u0022 width=\u0022323\u0022 height=\u0022182\u0022\/\u003E\n                  \u003Csource srcset=\u0022\/sites\/default\/files\/styles\/teaser_standard__l\/public\/aurora\/2026\/03\/521045.png.webp?itok=eawYYTaO 1x\u0022 media=\u0022(min-width: 64.0625em)\u0022 type=\u0022image\/webp\u0022 width=\u0022203\u0022 height=\u0022114\u0022\/\u003E\n                  \u003Csource srcset=\u0022\/sites\/default\/files\/styles\/teaser_standard__m\/public\/aurora\/2026\/03\/521045.png?itok=Oue7IfH0 1x\u0022 media=\u0022(min-width: 48.0625em) and (max-width: 64em)\u0022 type=\u0022image\/png\u0022 width=\u0022323\u0022 height=\u0022182\u0022\/\u003E\n                  \u003Csource srcset=\u0022\/sites\/default\/files\/styles\/teaser_standard__l\/public\/aurora\/2026\/03\/521045.png?itok=vkyZ4ZF8 1x\u0022 media=\u0022(min-width: 64.0625em)\u0022 type=\u0022image\/png\u0022 width=\u0022203\u0022 height=\u0022114\u0022\/\u003E\n                          \u003Cimg loading=\u0022eager\u0022 data-caption-hide width=\u0022708\u0022 height=\u0022398\u0022 data-zoomed=\u0022https:\/\/www.erneuerbareenergien.de\/sites\/default\/files\/styles\/content__zoomed\/public\/aurora\/2026\/03\/521045.png?itok=XKPU6SXb\u0022 src=\u0022\/sites\/default\/files\/styles\/teaser_standard__s\/public\/aurora\/2026\/03\/521045.png?itok=6rPBrxYW\u0022 title=\u0022T\u00fcrkisfarbener Hintergrund mit Windr\u00e4dern und deutschem Text \u00fcber das Potenzial erneuerbarer Energien in St\u00e4dten. - \u00a9 GEM\u0022 \/\u003E\n\n    \u003C\/picture\u003E\n      \u003Cfigcaption class=\u0022image--figcaption\u0022\u003E\n          \u003Cdiv class=\u0022copyright\u0022\u003EGEM\u003C\/div\u003E\n          \u003C\/figcaption\u003E\n\u003C\/figure\u003E\n\n\n    \u003C\/div\u003E\n    \u003Cdiv class=\u0022teaser-content\u0022\u003E\n                    \u003Cdiv class=\u0022teaser-content--kicker\u0022\u003E\n                    Podcast\u0026nbsp;\n        \u003C\/div\u003E\n                                              \n                        \n        \u003Ch4 class=\u0022teaser-content--headline\u0022\u003E\n                                \u201eIn Berlin sprechen wir von 45 bis 60 Quadratkilometern theoretisch nutzbarer Dachfl\u00e4chen f\u00fcr \n                              \u003Cspan class=\u0022headline-last-word-arrow\u0022\u003ESolar\u201c                      \u003C\/span\u003E\n        \u003C\/h4\u003E\n            \u003Cdiv class=\u0022teaser-content--publishing-date\u0022\u003E\u003Ctime datetime=\u00222026-03-11T09:54:25Z\u0022\u003E11.03.2026\u003C\/time\u003E\n\u003C\/div\u003E\u003Cspan class=\u0022teaser-content--publishing-date-divider\u0022\u003E - \u003C\/span\u003E\u003Cdiv class=\u0022teaser-content--body\u0022\u003E\u003Cp\u003EIn der neuen Folge des Podcasts \u201eWas jetzt passieren muss\u201c erkl\u00e4rt Michael Gei\u00dfler, Gesch\u00e4ftsf\u00fchrer der Berliner Energieagentur, welches Potenzial es f\u00fcr erneuerbare Energien in einer Gro\u00dfstadt gibt und was Mieterinnen und Mieter selbst f\u00fcr die Energiewende tun k\u00f6nnen.\u0026nbsp;\u003C\/p\u003E\n\u003C\/div\u003E\n                        \u003Cspan class=\u0022read-more-arrow-container\u0022\u003E\n            \u003Cspan class=\u0022read-more-angled-arrow\u0022\u003E \u003C\/span\u003E\n          \u003C\/span\u003E\n                  \u003C\/div\u003E\n    \u003C\/a\u003E\n\u003Ca href=\u0022\/energieversorger\/kommunen\/energieversorger-stadt-nutzt-abwaerme-aus-stromtrasse\u0022  class=\u0022teaser teaser--standard\u0022 aria-label=\u0022Stadt nutzt Abw\u00e4rme aus Stromtrasse\r\u0022\u003E\n      \u003Cdiv class=\u0022teaser-content--image\u0022\u003E\n              \u003Cpicture\u003E\n                        \u003Csource srcset=\u0022\/sites\/default\/files\/styles\/teaser_standard__m\/public\/aurora\/2026\/03\/518046.jpeg.webp?itok=cuyUur7y 1x\u0022 media=\u0022(min-width: 48.0625em) and (max-width: 64em)\u0022 type=\u0022image\/webp\u0022 width=\u0022323\u0022 height=\u0022233\u0022\/\u003E\n                  \u003Csource srcset=\u0022\/sites\/default\/files\/styles\/teaser_standard__l\/public\/aurora\/2026\/03\/518046.jpeg.webp?itok=7yb914JK 1x\u0022 media=\u0022(min-width: 64.0625em)\u0022 type=\u0022image\/webp\u0022 width=\u0022203\u0022 height=\u0022146\u0022\/\u003E\n                  \u003Csource srcset=\u0022\/sites\/default\/files\/styles\/teaser_standard__m\/public\/aurora\/2026\/03\/518046.jpeg?itok=PIVPFVlo 1x\u0022 media=\u0022(min-width: 48.0625em) and (max-width: 64em)\u0022 type=\u0022image\/jpeg\u0022 width=\u0022323\u0022 height=\u0022233\u0022\/\u003E\n                  \u003Csource srcset=\u0022\/sites\/default\/files\/styles\/teaser_standard__l\/public\/aurora\/2026\/03\/518046.jpeg?itok=xJ4mQynq 1x\u0022 media=\u0022(min-width: 64.0625em)\u0022 type=\u0022image\/jpeg\u0022 width=\u0022203\u0022 height=\u0022146\u0022\/\u003E\n                          \u003Cimg loading=\u0022eager\u0022 data-caption-hide width=\u0022553\u0022 height=\u0022398\u0022 data-zoomed=\u0022https:\/\/www.erneuerbareenergien.de\/sites\/default\/files\/styles\/content__zoomed\/public\/aurora\/2026\/03\/518046.jpeg?itok=Fb0KecTM\u0022 src=\u0022\/sites\/default\/files\/styles\/teaser_standard__s\/public\/aurora\/2026\/03\/518046.jpeg?itok=4H68Njjn\u0022 title=\u0022Luftaufnahme einer Baustelle mit orangefarbenen Ger\u00e4ten und Rohren auf einem von B\u00e4umen umgebenen Feld.\u0022 \/\u003E\n\n    \u003C\/picture\u003E\n    \n\n    \u003C\/div\u003E\n    \u003Cdiv class=\u0022teaser-content\u0022\u003E\n                    \u003Cdiv class=\u0022teaser-content--kicker\u0022\u003E\n                    Energieversorger\n\n        \u003C\/div\u003E\n                                              \n                        \n        \u003Ch4 class=\u0022teaser-content--headline\u0022\u003E\n                                Stadt nutzt Abw\u00e4rme aus \n                              \u003Cspan class=\u0022headline-last-word-arrow\u0022\u003EStromtrasse              \u003Cspan\n                  class=\u0022permission-lock permission-lock-icon--\u0022\u003E\u003C\/span\u003E\n                                  \u003C\/span\u003E\n        \u003C\/h4\u003E\n            \u003Cdiv class=\u0022teaser-content--publishing-date\u0022\u003E\u003Ctime datetime=\u00222026-03-06T11:03:14Z\u0022\u003E06.03.2026\u003C\/time\u003E\n\u003C\/div\u003E\u003Cspan class=\u0022teaser-content--publishing-date-divider\u0022\u003E - \u003C\/span\u003E\u003Cdiv class=\u0022teaser-content--body\u0022\u003E\u003Cp\u003EBei der Suche nach hei\u00dfen\u0026nbsp;Quellen gehen Stadtwerke\u0026nbsp;innovative Wege, wie Bochum und Wilster zeigen.\u003C\/p\u003E\n\u003C\/div\u003E\n                        \u003Cspan class=\u0022read-more-arrow-container\u0022\u003E\n            \u003Cspan class=\u0022read-more-angled-arrow\u0022\u003E \u003C\/span\u003E\n          \u003C\/span\u003E\n                  \u003C\/div\u003E\n    \u003C\/a\u003E\n\u003Ca href=\u0022\/energieversorger\/kommunen\/auf-abwaerme\u0022  class=\u0022teaser teaser--standard\u0022 aria-label=\u0022Auf Abw\u00e4rme\u0022\u003E\n      \u003Cdiv class=\u0022teaser-content--image\u0022\u003E\n        \u003Cfigure class=\u0022image--figure\u0022\u003E\n        \u003Cpicture\u003E\n                        \u003Csource srcset=\u0022\/sites\/default\/files\/styles\/teaser_standard__m\/public\/aurora\/2026\/03\/518052.jpeg.webp?itok=0_Z0XSPt 1x\u0022 media=\u0022(min-width: 48.0625em) and (max-width: 64em)\u0022 type=\u0022image\/webp\u0022 width=\u0022323\u0022 height=\u0022194\u0022\/\u003E\n                  \u003Csource srcset=\u0022\/sites\/default\/files\/styles\/teaser_standard__l\/public\/aurora\/2026\/03\/518052.jpeg.webp?itok=vUvpdFVA 1x\u0022 media=\u0022(min-width: 64.0625em)\u0022 type=\u0022image\/webp\u0022 width=\u0022203\u0022 height=\u0022122\u0022\/\u003E\n                  \u003Csource srcset=\u0022\/sites\/default\/files\/styles\/teaser_standard__m\/public\/aurora\/2026\/03\/518052.jpeg?itok=nlqOWAPb 1x\u0022 media=\u0022(min-width: 48.0625em) and (max-width: 64em)\u0022 type=\u0022image\/jpeg\u0022 width=\u0022323\u0022 height=\u0022194\u0022\/\u003E\n                  \u003Csource srcset=\u0022\/sites\/default\/files\/styles\/teaser_standard__l\/public\/aurora\/2026\/03\/518052.jpeg?itok=jr_Ylj2v 1x\u0022 media=\u0022(min-width: 64.0625em)\u0022 type=\u0022image\/jpeg\u0022 width=\u0022203\u0022 height=\u0022122\u0022\/\u003E\n                          \u003Cimg alt=\u0022Die Stadtwerke Bochum erschlie\u00dfen durch Geothermiebohrung Grubenwasser als warme Quelle.\u0022 loading=\u0022eager\u0022 data-caption-hide width=\u0022662\u0022 height=\u0022398\u0022 data-zoomed=\u0022https:\/\/www.erneuerbareenergien.de\/sites\/default\/files\/styles\/content__zoomed\/public\/aurora\/2026\/03\/518052.jpeg?itok=MiQw5-8M\u0022 src=\u0022\/sites\/default\/files\/styles\/teaser_standard__s\/public\/aurora\/2026\/03\/518052.jpeg?itok=U5m5jtse\u0022 title=\u0022\u00a9 Foto: Fraunhofer IEG\u0022 \/\u003E\n\n    \u003C\/picture\u003E\n      \u003Cfigcaption class=\u0022image--figcaption\u0022\u003E\n          \u003Cdiv class=\u0022copyright\u0022\u003EFoto: Fraunhofer IEG\u003C\/div\u003E\n          \u003C\/figcaption\u003E\n\u003C\/figure\u003E\n\n\n    \u003C\/div\u003E\n    \u003Cdiv class=\u0022teaser-content\u0022\u003E\n                    \u003Cdiv class=\u0022teaser-content--kicker\u0022\u003E\n                    \n        \u003C\/div\u003E\n                                              \n                        \n        \u003Ch4 class=\u0022teaser-content--headline\u0022\u003E\n                                Auf \n                              \u003Cspan class=\u0022headline-last-word-arrow\u0022\u003EAbw\u00e4rme              \u003Cspan\n                  class=\u0022permission-lock permission-lock-icon--\u0022\u003E\u003C\/span\u003E\n                                  \u003C\/span\u003E\n        \u003C\/h4\u003E\n            \u003Cdiv class=\u0022teaser-content--publishing-date\u0022\u003E\u003Ctime datetime=\u00222026-03-06T11:02:58Z\u0022\u003E06.03.2026\u003C\/time\u003E\n\u003C\/div\u003E\u003Cspan class=\u0022teaser-content--publishing-date-divider\u0022\u003E - \u003C\/span\u003E\u003Cdiv class=\u0022teaser-content--body\u0022\u003E\u003Cp\u003EGrubenwasser und Suedlink: Bei der Suche nach W\u00e4rmequellen gehen Stadtwerke innovative Wege, wie Bochum und Wilster zeigen.\u003C\/p\u003E\n\u003C\/div\u003E\n                        \u003Cspan class=\u0022read-more-arrow-container\u0022\u003E\n            \u003Cspan class=\u0022read-more-angled-arrow\u0022\u003E \u003C\/span\u003E\n          \u003C\/span\u003E\n                  \u003C\/div\u003E\n    \u003C\/a\u003E\n\u003Ca href=\u0022\/energieversorger\/kommunen\/zehn-tipps-fuer-die-planung-gruener-quartiere\u0022  class=\u0022teaser teaser--standard\u0022 aria-label=\u0022Zehn Tipps f\u00fcr die Planung gr\u00fcner Quartiere\u0022\u003E\n      \u003Cdiv class=\u0022teaser-content--image\u0022\u003E\n        \u003Cfigure class=\u0022image--figure\u0022\u003E\n        \u003Cpicture\u003E\n                        \u003Csource srcset=\u0022\/sites\/default\/files\/styles\/teaser_standard__m\/public\/aurora\/2026\/03\/518055.jpeg.webp?itok=-Ml2siMW 1x\u0022 media=\u0022(min-width: 48.0625em) and (max-width: 64em)\u0022 type=\u0022image\/webp\u0022 width=\u0022323\u0022 height=\u0022171\u0022\/\u003E\n                  \u003Csource srcset=\u0022\/sites\/default\/files\/styles\/teaser_standard__l\/public\/aurora\/2026\/03\/518055.jpeg.webp?itok=UHMtLaQc 1x\u0022 media=\u0022(min-width: 64.0625em)\u0022 type=\u0022image\/webp\u0022 width=\u0022203\u0022 height=\u0022107\u0022\/\u003E\n                  \u003Csource srcset=\u0022\/sites\/default\/files\/styles\/teaser_standard__m\/public\/aurora\/2026\/03\/518055.jpeg?itok=414L917m 1x\u0022 media=\u0022(min-width: 48.0625em) and (max-width: 64em)\u0022 type=\u0022image\/jpeg\u0022 width=\u0022323\u0022 height=\u0022171\u0022\/\u003E\n                  \u003Csource srcset=\u0022\/sites\/default\/files\/styles\/teaser_standard__l\/public\/aurora\/2026\/03\/518055.jpeg?itok=1HugXao5 1x\u0022 media=\u0022(min-width: 64.0625em)\u0022 type=\u0022image\/jpeg\u0022 width=\u0022203\u0022 height=\u0022107\u0022\/\u003E\n                          \u003Cimg alt=\u0022Klimaneutrale Quartiersentwicklung ist kein Selbstl\u00e4ufer. Sie erfordert strategische Entscheidungen und eine kluge F\u00f6rdermittelstrategie.\u0022 loading=\u0022eager\u0022 data-caption-hide width=\u0022708\u0022 height=\u0022374\u0022 data-zoomed=\u0022https:\/\/www.erneuerbareenergien.de\/sites\/default\/files\/styles\/content__zoomed\/public\/aurora\/2026\/03\/518055.jpeg?itok=GLv3mxvD\u0022 src=\u0022\/sites\/default\/files\/styles\/teaser_standard__s\/public\/aurora\/2026\/03\/518055.jpeg?itok=80H7TH4q\u0022 title=\u0022\u00a9 Foto: Kondor Wessels Competence Center GmbH\u0022 \/\u003E\n\n    \u003C\/picture\u003E\n      \u003Cfigcaption class=\u0022image--figcaption\u0022\u003E\n          \u003Cdiv class=\u0022copyright\u0022\u003EFoto: Kondor Wessels Competence Center GmbH\u003C\/div\u003E\n          \u003C\/figcaption\u003E\n\u003C\/figure\u003E\n\n\n    \u003C\/div\u003E\n    \u003Cdiv class=\u0022teaser-content\u0022\u003E\n                    \u003Cdiv class=\u0022teaser-content--kicker\u0022\u003E\n                    \n        \u003C\/div\u003E\n                                              \n                        \n        \u003Ch4 class=\u0022teaser-content--headline\u0022\u003E\n                                Zehn Tipps f\u00fcr die Planung gr\u00fcner \n                              \u003Cspan class=\u0022headline-last-word-arrow\u0022\u003EQuartiere              \u003Cspan\n                  class=\u0022permission-lock permission-lock-icon--\u0022\u003E\u003C\/span\u003E\n                                  \u003C\/span\u003E\n        \u003C\/h4\u003E\n            \u003Cdiv class=\u0022teaser-content--publishing-date\u0022\u003E\u003Ctime datetime=\u00222026-03-06T11:02:24Z\u0022\u003E06.03.2026\u003C\/time\u003E\n\u003C\/div\u003E\u003Cspan class=\u0022teaser-content--publishing-date-divider\u0022\u003E - \u003C\/span\u003E\u003Cdiv class=\u0022teaser-content--body\u0022\u003E\u003Cp\u003EWas St\u00e4dte und Gemeinden beachten sollten, wenn sie klimaneutrale\u0026nbsp;Baugebiete effizient und \u00f6konomisch umsetzen wollen.\u003C\/p\u003E\n\u003C\/div\u003E\n                        \u003Cspan class=\u0022read-more-arrow-container\u0022\u003E\n            \u003Cspan class=\u0022read-more-angled-arrow\u0022\u003E \u003C\/span\u003E\n          \u003C\/span\u003E\n                  \u003C\/div\u003E\n    \u003C\/a\u003E\n\u003Ca href=\u0022\/energieversorger\/kommunen\/kommunale-waerme-braucht-private-investitionen\u0022  class=\u0022teaser teaser--standard\u0022 aria-label=\u0022Kommunale W\u00e4rme braucht private Investitionen \u0022\u003E\n      \u003Cdiv class=\u0022teaser-content--image\u0022\u003E\n        \u003Cfigure class=\u0022image--figure\u0022\u003E\n        \u003Cpicture\u003E\n                        \u003Csource srcset=\u0022\/sites\/default\/files\/styles\/teaser_standard__m\/public\/aurora\/2026\/02\/518049.jpeg.webp?itok=2Ez173hc 1x\u0022 media=\u0022(min-width: 48.0625em) and (max-width: 64em)\u0022 type=\u0022image\/webp\u0022 width=\u0022323\u0022 height=\u0022221\u0022\/\u003E\n                  \u003Csource srcset=\u0022\/sites\/default\/files\/styles\/teaser_standard__l\/public\/aurora\/2026\/02\/518049.jpeg.webp?itok=dhxe_DRr 1x\u0022 media=\u0022(min-width: 64.0625em)\u0022 type=\u0022image\/webp\u0022 width=\u0022203\u0022 height=\u0022139\u0022\/\u003E\n                  \u003Csource srcset=\u0022\/sites\/default\/files\/styles\/teaser_standard__m\/public\/aurora\/2026\/02\/518049.jpeg?itok=xHXQxOJY 1x\u0022 media=\u0022(min-width: 48.0625em) and (max-width: 64em)\u0022 type=\u0022image\/jpeg\u0022 width=\u0022323\u0022 height=\u0022221\u0022\/\u003E\n                  \u003Csource srcset=\u0022\/sites\/default\/files\/styles\/teaser_standard__l\/public\/aurora\/2026\/02\/518049.jpeg?itok=TpMfLwAt 1x\u0022 media=\u0022(min-width: 64.0625em)\u0022 type=\u0022image\/jpeg\u0022 width=\u0022203\u0022 height=\u0022139\u0022\/\u003E\n                          \u003Cimg alt=\u0022Kleine Kommunen mit weniger als 100.000 Einwohner:innen haben f\u00fcr die kommunale W\u00e4rmeplanung bis 2028 Zeit.\u0022 loading=\u0022eager\u0022 data-caption-hide width=\u0022581\u0022 height=\u0022398\u0022 data-zoomed=\u0022https:\/\/www.erneuerbareenergien.de\/sites\/default\/files\/styles\/content__zoomed\/public\/aurora\/2026\/02\/518049.jpeg?itok=yuvHQCv_\u0022 src=\u0022\/sites\/default\/files\/styles\/teaser_standard__s\/public\/aurora\/2026\/02\/518049.jpeg?itok=xXqcsxnl\u0022 title=\u0022\u00a9 Foto: nikkimeel - stock.adobe.com\u0022 \/\u003E\n\n    \u003C\/picture\u003E\n      \u003Cfigcaption class=\u0022image--figcaption\u0022\u003E\n          \u003Cdiv class=\u0022copyright\u0022\u003EFoto: nikkimeel - stock.adobe.com\u003C\/div\u003E\n          \u003C\/figcaption\u003E\n\u003C\/figure\u003E\n\n\n    \u003C\/div\u003E\n    \u003Cdiv class=\u0022teaser-content\u0022\u003E\n                    \u003Cdiv class=\u0022teaser-content--kicker\u0022\u003E\n                    \n        \u003C\/div\u003E\n                                              \n                        \n        \u003Ch4 class=\u0022teaser-content--headline\u0022\u003E\n                                Kommunale W\u00e4rme braucht private \n                              \u003Cspan class=\u0022headline-last-word-arrow\u0022\u003EInvestitionen              \u003Cspan\n                  class=\u0022permission-lock permission-lock-icon--\u0022\u003E\u003C\/span\u003E\n                                  \u003C\/span\u003E\n        \u003C\/h4\u003E\n            \u003Cdiv class=\u0022teaser-content--publishing-date\u0022\u003E\u003Ctime datetime=\u00222026-03-06T10:59:49Z\u0022\u003E06.03.2026\u003C\/time\u003E\n\u003C\/div\u003E\u003Cspan class=\u0022teaser-content--publishing-date-divider\u0022\u003E - \u003C\/span\u003E\u003Cdiv class=\u0022teaser-content--body\u0022\u003E\u003Cp\u003EIn rund 10.700 Kommunen in Deutschland braucht es jetzt Pl\u00e4ne f\u00fcr die W\u00e4rmeversorgung. Die erste Frist gilt bereits 2026.\u003C\/p\u003E\n\u003C\/div\u003E\n                        \u003Cspan class=\u0022read-more-arrow-container\u0022\u003E\n            \u003Cspan class=\u0022read-more-angled-arrow\u0022\u003E \u003C\/span\u003E\n          \u003C\/span\u003E\n                  \u003C\/div\u003E\n    \u003C\/a\u003E\n\u003Ca href=\u0022\/energieversorger\/kommunen\/greifswald-ist-energie-kommune-des-jahres-2025\u0022  class=\u0022teaser teaser--standard\u0022 aria-label=\u0022Greifswald ist Energie-Kommune des Jahres 2025\u0022\u003E\n      \u003Cdiv class=\u0022teaser-content--image\u0022\u003E\n        \u003Cfigure class=\u0022image--figure\u0022\u003E\n        \u003Cpicture\u003E\n                        \u003Csource srcset=\u0022\/sites\/default\/files\/styles\/teaser_standard__m\/public\/aurora\/2026\/02\/518198.jpeg.webp?itok=ULXUnyl4 1x\u0022 media=\u0022(min-width: 48.0625em) and (max-width: 64em)\u0022 type=\u0022image\/webp\u0022 width=\u0022323\u0022 height=\u0022182\u0022\/\u003E\n                  \u003Csource srcset=\u0022\/sites\/default\/files\/styles\/teaser_standard__l\/public\/aurora\/2026\/02\/518198.jpeg.webp?itok=_15M-XaV 1x\u0022 media=\u0022(min-width: 64.0625em)\u0022 type=\u0022image\/webp\u0022 width=\u0022203\u0022 height=\u0022114\u0022\/\u003E\n                  \u003Csource srcset=\u0022\/sites\/default\/files\/styles\/teaser_standard__m\/public\/aurora\/2026\/02\/518198.jpeg?itok=BJtCTDa3 1x\u0022 media=\u0022(min-width: 48.0625em) and (max-width: 64em)\u0022 type=\u0022image\/jpeg\u0022 width=\u0022323\u0022 height=\u0022182\u0022\/\u003E\n                  \u003Csource srcset=\u0022\/sites\/default\/files\/styles\/teaser_standard__l\/public\/aurora\/2026\/02\/518198.jpeg?itok=zhzQcewg 1x\u0022 media=\u0022(min-width: 64.0625em)\u0022 type=\u0022image\/jpeg\u0022 width=\u0022203\u0022 height=\u0022114\u0022\/\u003E\n                          \u003Cimg alt=\u0022Solarthermieanlage der Stadtwerke Greifswald, die 2021 entstand.\u0022 loading=\u0022eager\u0022 data-caption-hide width=\u0022708\u0022 height=\u0022398\u0022 data-zoomed=\u0022https:\/\/www.erneuerbareenergien.de\/sites\/default\/files\/styles\/content__zoomed\/public\/aurora\/2026\/02\/518198.jpeg?itok=WqfThyuw\u0022 src=\u0022\/sites\/default\/files\/styles\/teaser_standard__s\/public\/aurora\/2026\/02\/518198.jpeg?itok=DzE2KFZF\u0022 title=\u0022\u00a9 Stadtwerke Greifswald\u0022 \/\u003E\n\n    \u003C\/picture\u003E\n      \u003Cfigcaption class=\u0022image--figcaption\u0022\u003E\n          \u003Cdiv class=\u0022copyright\u0022\u003EStadtwerke Greifswald\u003C\/div\u003E\n          \u003C\/figcaption\u003E\n\u003C\/figure\u003E\n\n\n    \u003C\/div\u003E\n    \u003Cdiv class=\u0022teaser-content\u0022\u003E\n                    \u003Cdiv class=\u0022teaser-content--kicker\u0022\u003E\n                    \n        \u003C\/div\u003E\n                                              \n                        \n        \u003Ch4 class=\u0022teaser-content--headline\u0022\u003E\n                                Greifswald ist Energie-Kommune des Jahres \n                              \u003Cspan class=\u0022headline-last-word-arrow\u0022\u003E2025                      \u003C\/span\u003E\n        \u003C\/h4\u003E\n            \u003Cdiv class=\u0022teaser-content--publishing-date\u0022\u003E\u003Ctime datetime=\u00222026-02-28T13:56:37Z\u0022\u003E28.02.2026\u003C\/time\u003E\n\u003C\/div\u003E\u003Cspan class=\u0022teaser-content--publishing-date-divider\u0022\u003E - \u003C\/span\u003E\u003Cdiv class=\u0022teaser-content--body\u0022\u003E\u003Cp\u003EDie Universit\u00e4ts- und Hansestadt Greifswald hat sich in einer \u00f6ffentlichen Abstimmung gegen Schwalmtal und den Landkreis Regensburg durchgesetzt.\u003C\/p\u003E\n\u003C\/div\u003E\n                        \u003Cspan class=\u0022read-more-arrow-container\u0022\u003E\n            \u003Cspan class=\u0022read-more-angled-arrow\u0022\u003E \u003C\/span\u003E\n          \u003C\/span\u003E\n                  \u003C\/div\u003E\n    \u003C\/a\u003E\n\u003Ca href=\u0022\/energieversorger\/kommunen\/energieversorger-saubere-energie-statt-heisser-luft\u0022  class=\u0022teaser teaser--standard\u0022 aria-label=\u0022Saubere\u00a0Energie statt hei\u00dfer Luft\r\u0022\u003E\n      \u003Cdiv class=\u0022teaser-content--image\u0022\u003E\n        \u003Cfigure class=\u0022image--figure\u0022\u003E\n        \u003Cpicture\u003E\n                        \u003Csource srcset=\u0022\/sites\/default\/files\/styles\/teaser_standard__m\/public\/aurora\/2026\/02\/509851.jpeg.webp?itok=4sW4V91v 1x\u0022 media=\u0022(min-width: 48.0625em) and (max-width: 64em)\u0022 type=\u0022image\/webp\u0022 width=\u0022323\u0022 height=\u0022230\u0022\/\u003E\n                  \u003Csource srcset=\u0022\/sites\/default\/files\/styles\/teaser_standard__l\/public\/aurora\/2026\/02\/509851.jpeg.webp?itok=4SboDvap 1x\u0022 media=\u0022(min-width: 64.0625em)\u0022 type=\u0022image\/webp\u0022 width=\u0022203\u0022 height=\u0022144\u0022\/\u003E\n                  \u003Csource srcset=\u0022\/sites\/default\/files\/styles\/teaser_standard__m\/public\/aurora\/2026\/02\/509851.jpeg?itok=ySdvhOc9 1x\u0022 media=\u0022(min-width: 48.0625em) and (max-width: 64em)\u0022 type=\u0022image\/jpeg\u0022 width=\u0022323\u0022 height=\u0022230\u0022\/\u003E\n                  \u003Csource srcset=\u0022\/sites\/default\/files\/styles\/teaser_standard__l\/public\/aurora\/2026\/02\/509851.jpeg?itok=0EwVZ06u 1x\u0022 media=\u0022(min-width: 64.0625em)\u0022 type=\u0022image\/jpeg\u0022 width=\u0022203\u0022 height=\u0022144\u0022\/\u003E\n                          \u003Cimg loading=\u0022eager\u0022 data-caption-hide width=\u0022560\u0022 height=\u0022398\u0022 data-zoomed=\u0022https:\/\/www.erneuerbareenergien.de\/sites\/default\/files\/styles\/content__zoomed\/public\/aurora\/2026\/02\/509851.jpeg?itok=cl9B-MxX\u0022 src=\u0022\/sites\/default\/files\/styles\/teaser_standard__s\/public\/aurora\/2026\/02\/509851.jpeg?itok=rEMGR-_a\u0022 title=\u0022Rauch aus Fabrikschornsteinen \u00fcber einer nebligen Landschaft bei Sonnenaufgang, mit B\u00e4umen und D\u00e4chern im Vordergrund. - \u00a9 Foto: Peter-stock.adobe.com\u0022 \/\u003E\n\n    \u003C\/picture\u003E\n      \u003Cfigcaption class=\u0022image--figcaption\u0022\u003E\n          \u003Cdiv class=\u0022copyright\u0022\u003EFoto: Peter-stock.adobe.com\u003C\/div\u003E\n          \u003C\/figcaption\u003E\n\u003C\/figure\u003E\n\n\n    \u003C\/div\u003E\n    \u003Cdiv class=\u0022teaser-content\u0022\u003E\n                    \u003Cdiv class=\u0022teaser-content--kicker\u0022\u003E\n                    Energieversorger\n\n        \u003C\/div\u003E\n                                              \n                        \n        \u003Ch4 class=\u0022teaser-content--headline\u0022\u003E\n                                Saubere\u00a0Energie statt hei\u00dfer \n                              \u003Cspan class=\u0022headline-last-word-arrow\u0022\u003ELuft              \u003Cspan\n                  class=\u0022permission-lock permission-lock-icon--\u0022\u003E\u003C\/span\u003E\n                                  \u003C\/span\u003E\n        \u003C\/h4\u003E\n            \u003Cdiv class=\u0022teaser-content--publishing-date\u0022\u003E\u003Ctime datetime=\u00222026-02-03T14:24:35Z\u0022\u003E03.02.2026\u003C\/time\u003E\n\u003C\/div\u003E\u003Cspan class=\u0022teaser-content--publishing-date-divider\u0022\u003E - \u003C\/span\u003E\u003Cdiv class=\u0022teaser-content--body\u0022\u003E\u003Cp\u003EDie Abw\u00e4rme aus der Industrie\u0026nbsp;bietet St\u00e4dten und Gemeinden gute Chancen f\u00fcr die kommunale W\u00e4rmeplanung.\u003C\/p\u003E\n\u003C\/div\u003E\n                        \u003Cspan class=\u0022read-more-arrow-container\u0022\u003E\n            \u003Cspan class=\u0022read-more-angled-arrow\u0022\u003E \u003C\/span\u003E\n          \u003C\/span\u003E\n                  \u003C\/div\u003E\n    \u003C\/a\u003E\n\u003Ca href=\u0022\/energieversorger\/kommunen\/abwaerme-als-schluessel-der-kommunalen-waermewende\u0022  class=\u0022teaser teaser--standard\u0022 aria-label=\u0022Abw\u00e4rme als Schl\u00fcssel der kommunalen W\u00e4rmewende\u0022\u003E\n      \u003Cdiv class=\u0022teaser-content--image\u0022\u003E\n        \u003Cfigure class=\u0022image--figure\u0022\u003E\n        \u003Cpicture\u003E\n                        \u003Csource srcset=\u0022\/sites\/default\/files\/styles\/teaser_standard__m\/public\/aurora\/2026\/02\/509855.jpeg.webp?itok=4BepM6rX 1x\u0022 media=\u0022(min-width: 48.0625em) and (max-width: 64em)\u0022 type=\u0022image\/webp\u0022 width=\u0022323\u0022 height=\u0022177\u0022\/\u003E\n                  \u003Csource srcset=\u0022\/sites\/default\/files\/styles\/teaser_standard__l\/public\/aurora\/2026\/02\/509855.jpeg.webp?itok=cGC4GgO8 1x\u0022 media=\u0022(min-width: 64.0625em)\u0022 type=\u0022image\/webp\u0022 width=\u0022203\u0022 height=\u0022111\u0022\/\u003E\n                  \u003Csource srcset=\u0022\/sites\/default\/files\/styles\/teaser_standard__m\/public\/aurora\/2026\/02\/509855.jpeg?itok=eIKlipQ0 1x\u0022 media=\u0022(min-width: 48.0625em) and (max-width: 64em)\u0022 type=\u0022image\/jpeg\u0022 width=\u0022323\u0022 height=\u0022177\u0022\/\u003E\n                  \u003Csource srcset=\u0022\/sites\/default\/files\/styles\/teaser_standard__l\/public\/aurora\/2026\/02\/509855.jpeg?itok=B7pkOcrr 1x\u0022 media=\u0022(min-width: 64.0625em)\u0022 type=\u0022image\/jpeg\u0022 width=\u0022203\u0022 height=\u0022111\u0022\/\u003E\n                          \u003Cimg alt=\u0022Abw\u00e4rme aus der Industrie wird f\u00fcr das Neubaugebiet Franky in der Frankfurter Innenstadt genutzt.\u0022 loading=\u0022eager\u0022 data-caption-hide width=\u0022708\u0022 height=\u0022389\u0022 data-zoomed=\u0022https:\/\/www.erneuerbareenergien.de\/sites\/default\/files\/styles\/content__zoomed\/public\/aurora\/2026\/02\/509855.jpeg?itok=uq40l7Ka\u0022 src=\u0022\/sites\/default\/files\/styles\/teaser_standard__s\/public\/aurora\/2026\/02\/509855.jpeg?itok=GQ7pVSVq\u0022 title=\u0022\u00a9 Foto: Mainova AG\u0022 \/\u003E\n\n    \u003C\/picture\u003E\n      \u003Cfigcaption class=\u0022image--figcaption\u0022\u003E\n          \u003Cdiv class=\u0022copyright\u0022\u003EFoto: Mainova AG\u003C\/div\u003E\n          \u003C\/figcaption\u003E\n\u003C\/figure\u003E\n\n\n    \u003C\/div\u003E\n    \u003Cdiv class=\u0022teaser-content\u0022\u003E\n                    \u003Cdiv class=\u0022teaser-content--kicker\u0022\u003E\n                    \n        \u003C\/div\u003E\n                                              \n                        \n        \u003Ch4 class=\u0022teaser-content--headline\u0022\u003E\n                                Abw\u00e4rme als Schl\u00fcssel der kommunalen \n                              \u003Cspan class=\u0022headline-last-word-arrow\u0022\u003EW\u00e4rmewende              \u003Cspan\n                  class=\u0022permission-lock permission-lock-icon--\u0022\u003E\u003C\/span\u003E\n                                  \u003C\/span\u003E\n        \u003C\/h4\u003E\n            \u003Cdiv class=\u0022teaser-content--publishing-date\u0022\u003E\u003Ctime datetime=\u00222026-02-03T14:24:34Z\u0022\u003E03.02.2026\u003C\/time\u003E\n\u003C\/div\u003E\u003Cspan class=\u0022teaser-content--publishing-date-divider\u0022\u003E - \u003C\/span\u003E\u003Cdiv class=\u0022teaser-content--body\u0022\u003E\u003Cp\u003EWie transparente Daten und konkrete Projekte rund um die Abw\u00e4rme die W\u00e4rmeplanung in den Gemeinden vor Ort voranbringen.\u003C\/p\u003E\n\u003C\/div\u003E\n                        \u003Cspan class=\u0022read-more-arrow-container\u0022\u003E\n            \u003Cspan class=\u0022read-more-angled-arrow\u0022\u003E \u003C\/span\u003E\n          \u003C\/span\u003E\n                  \u003C\/div\u003E\n    \u003C\/a\u003E\n\u003Ca href=\u0022\/energieversorger\/kommunen\/wann-ist-genug-genug\u0022  class=\u0022teaser teaser--standard\u0022 aria-label=\u0022Wann ist genug genug\u200a?\u0022\u003E\n      \u003Cdiv class=\u0022teaser-content--image\u0022\u003E\n        \u003Cfigure class=\u0022image--figure\u0022\u003E\n        \u003Cpicture\u003E\n                        \u003Csource srcset=\u0022\/sites\/default\/files\/styles\/teaser_standard__m\/public\/aurora\/2026\/02\/509858.jpeg.webp?itok=0MREgMvR 1x\u0022 media=\u0022(min-width: 48.0625em) and (max-width: 64em)\u0022 type=\u0022image\/webp\u0022 width=\u0022323\u0022 height=\u0022185\u0022\/\u003E\n                  \u003Csource srcset=\u0022\/sites\/default\/files\/styles\/teaser_standard__l\/public\/aurora\/2026\/02\/509858.jpeg.webp?itok=FpbS2SAX 1x\u0022 media=\u0022(min-width: 64.0625em)\u0022 type=\u0022image\/webp\u0022 width=\u0022203\u0022 height=\u0022116\u0022\/\u003E\n                  \u003Csource srcset=\u0022\/sites\/default\/files\/styles\/teaser_standard__m\/public\/aurora\/2026\/02\/509858.jpeg?itok=OUEJb47k 1x\u0022 media=\u0022(min-width: 48.0625em) and (max-width: 64em)\u0022 type=\u0022image\/jpeg\u0022 width=\u0022323\u0022 height=\u0022185\u0022\/\u003E\n                  \u003Csource srcset=\u0022\/sites\/default\/files\/styles\/teaser_standard__l\/public\/aurora\/2026\/02\/509858.jpeg?itok=mW69zyIi 1x\u0022 media=\u0022(min-width: 64.0625em)\u0022 type=\u0022image\/jpeg\u0022 width=\u0022203\u0022 height=\u0022116\u0022\/\u003E\n                          \u003Cimg loading=\u0022eager\u0022 data-caption-hide width=\u0022697\u0022 height=\u0022398\u0022 data-zoomed=\u0022https:\/\/www.erneuerbareenergien.de\/sites\/default\/files\/styles\/content__zoomed\/public\/aurora\/2026\/02\/509858.jpeg?itok=uSMHDBOV\u0022 src=\u0022\/sites\/default\/files\/styles\/teaser_standard__s\/public\/aurora\/2026\/02\/509858.jpeg?itok=tHy-nDXE\u0022 title=\u0022Liniendiagramm mit sinkendem W\u00e4rmeverbrauch pro m\u00b2 und pro Wohnung, aber steigendem W\u00e4rmeverbrauch pro Person in Deutschland, 1990-2020. - \u00a9 Foto: Statistisches Bundesamt\u0022 \/\u003E\n\n    \u003C\/picture\u003E\n      \u003Cfigcaption class=\u0022image--figcaption\u0022\u003E\n          \u003Cdiv class=\u0022copyright\u0022\u003EFoto: Statistisches Bundesamt\u003C\/div\u003E\n          \u003C\/figcaption\u003E\n\u003C\/figure\u003E\n\n\n    \u003C\/div\u003E\n    \u003Cdiv class=\u0022teaser-content\u0022\u003E\n                    \u003Cdiv class=\u0022teaser-content--kicker\u0022\u003E\n                    \n        \u003C\/div\u003E\n                                              \n                        \n        \u003Ch4 class=\u0022teaser-content--headline\u0022\u003E\n                                Wann ist genug \n                              \u003Cspan class=\u0022headline-last-word-arrow\u0022\u003Egenug\u200a?              \u003Cspan\n                  class=\u0022permission-lock permission-lock-icon--\u0022\u003E\u003C\/span\u003E\n                                  \u003C\/span\u003E\n        \u003C\/h4\u003E\n            \u003Cdiv class=\u0022teaser-content--publishing-date\u0022\u003E\u003Ctime datetime=\u00222026-02-03T14:24:32Z\u0022\u003E03.02.2026\u003C\/time\u003E\n\u003C\/div\u003E\u003Cspan class=\u0022teaser-content--publishing-date-divider\u0022\u003E - \u003C\/span\u003E\u003Cdiv class=\u0022teaser-content--body\u0022\u003E\u003Cp\u003EBisher zerst\u00f6rt Wachstum jegliche Klimaschutzanstrengung.\u0026nbsp;Die Antwort darauf k\u00f6nnte \u201eSuffizienz\u201c lauten.\u003C\/p\u003E\n\u003C\/div\u003E\n                        \u003Cspan class=\u0022read-more-arrow-container\u0022\u003E\n            \u003Cspan class=\u0022read-more-angled-arrow\u0022\u003E \u003C\/span\u003E\n          \u003C\/span\u003E\n                  \u003C\/div\u003E\n    \u003C\/a\u003E\n\u003Ca href=\u0022\/energieversorger\/kommunen\/netzengpaesse-entschaerfen\u0022  class=\u0022teaser teaser--standard\u0022 aria-label=\u0022Netzengp\u00e4sse entsch\u00e4rfen\u0022\u003E\n      \u003Cdiv class=\u0022teaser-content--image\u0022\u003E\n        \u003Cfigure class=\u0022image--figure\u0022\u003E\n        \u003Cpicture\u003E\n                        \u003Csource srcset=\u0022\/sites\/default\/files\/styles\/teaser_standard__m\/public\/aurora\/2026\/02\/509865.jpeg.webp?itok=mVL_YdRf 1x\u0022 media=\u0022(min-width: 48.0625em) and (max-width: 64em)\u0022 type=\u0022image\/webp\u0022 width=\u0022250\u0022 height=\u0022242\u0022\/\u003E\n                  \u003Csource srcset=\u0022\/sites\/default\/files\/styles\/teaser_standard__l\/public\/aurora\/2026\/02\/509865.jpeg.webp?itok=dE7bVMg_ 1x\u0022 media=\u0022(min-width: 64.0625em)\u0022 type=\u0022image\/webp\u0022 width=\u0022157\u0022 height=\u0022152\u0022\/\u003E\n                  \u003Csource srcset=\u0022\/sites\/default\/files\/styles\/teaser_standard__m\/public\/aurora\/2026\/02\/509865.jpeg?itok=8jocwzuX 1x\u0022 media=\u0022(min-width: 48.0625em) and (max-width: 64em)\u0022 type=\u0022image\/jpeg\u0022 width=\u0022250\u0022 height=\u0022242\u0022\/\u003E\n                  \u003Csource srcset=\u0022\/sites\/default\/files\/styles\/teaser_standard__l\/public\/aurora\/2026\/02\/509865.jpeg?itok=L0iHhXj5 1x\u0022 media=\u0022(min-width: 64.0625em)\u0022 type=\u0022image\/jpeg\u0022 width=\u0022157\u0022 height=\u0022152\u0022\/\u003E\n                          \u003Cimg alt=\u0022Netzspeicher wie hier die Anlage der Stadtwerke Ha\u00dffurt \u00fcbernehmen Systemdienstleistungen, die fr\u00fcher konventionelle Kraftwerke geliefert haben.\u0022 loading=\u0022eager\u0022 data-caption-hide width=\u0022411\u0022 height=\u0022398\u0022 data-zoomed=\u0022https:\/\/www.erneuerbareenergien.de\/sites\/default\/files\/styles\/content__zoomed\/public\/aurora\/2026\/02\/509865.jpeg?itok=Fn6YZ20u\u0022 src=\u0022\/sites\/default\/files\/styles\/teaser_standard__s\/public\/aurora\/2026\/02\/509865.jpeg?itok=R0BUiSWr\u0022 title=\u0022\u00a9 Foto: Stadtwerke Ha\u00dffurt\u0022 \/\u003E\n\n    \u003C\/picture\u003E\n      \u003Cfigcaption class=\u0022image--figcaption\u0022\u003E\n          \u003Cdiv class=\u0022copyright\u0022\u003EFoto: Stadtwerke Ha\u00dffurt\u003C\/div\u003E\n          \u003C\/figcaption\u003E\n\u003C\/figure\u003E\n\n\n    \u003C\/div\u003E\n    \u003Cdiv class=\u0022teaser-content\u0022\u003E\n                    \u003Cdiv class=\u0022teaser-content--kicker\u0022\u003E\n                    \n        \u003C\/div\u003E\n                                              \n                        \n        \u003Ch4 class=\u0022teaser-content--headline\u0022\u003E\n                                Netzengp\u00e4sse \n                              \u003Cspan class=\u0022headline-last-word-arrow\u0022\u003Eentsch\u00e4rfen              \u003Cspan\n                  class=\u0022permission-lock permission-lock-icon--\u0022\u003E\u003C\/span\u003E\n                                  \u003C\/span\u003E\n        \u003C\/h4\u003E\n            \u003Cdiv class=\u0022teaser-content--publishing-date\u0022\u003E\u003Ctime datetime=\u00222026-02-03T14:24:30Z\u0022\u003E03.02.2026\u003C\/time\u003E\n\u003C\/div\u003E\u003Cspan class=\u0022teaser-content--publishing-date-divider\u0022\u003E - \u003C\/span\u003E\u003Cdiv class=\u0022teaser-content--body\u0022\u003E\u003Cp\u003EDie Regelungen f\u00fcr gro\u00dfe Speicher wurden ge\u00e4ndert. Das verbessert die Wirtschaftlichkeit f\u00fcr Versorger und beschleunigt den Netzanschluss.\u003C\/p\u003E\n\u003C\/div\u003E\n                        \u003Cspan class=\u0022read-more-arrow-container\u0022\u003E\n            \u003Cspan class=\u0022read-more-angled-arrow\u0022\u003E \u003C\/span\u003E\n          \u003C\/span\u003E\n                  \u003C\/div\u003E\n    \u003C\/a\u003E\n\u003Ca href=\u0022\/energieversorger\/kommunen\/wo-sollten-elektrolyseure-entstehen\u0022  class=\u0022teaser teaser--standard\u0022 aria-label=\u0022Wo so\ufeffllten Elektrolyseure entstehen?\u0022\u003E\n      \u003Cdiv class=\u0022teaser-content--image\u0022\u003E\n        \u003Cfigure class=\u0022image--figure\u0022\u003E\n        \u003Cpicture\u003E\n                        \u003Csource srcset=\u0022\/sites\/default\/files\/styles\/teaser_standard__m\/public\/aurora\/2026\/02\/509867.jpeg.webp?itok=pRl_Y543 1x\u0022 media=\u0022(min-width: 48.0625em) and (max-width: 64em)\u0022 type=\u0022image\/webp\u0022 width=\u0022323\u0022 height=\u0022169\u0022\/\u003E\n                  \u003Csource srcset=\u0022\/sites\/default\/files\/styles\/teaser_standard__l\/public\/aurora\/2026\/02\/509867.jpeg.webp?itok=twINuzkb 1x\u0022 media=\u0022(min-width: 64.0625em)\u0022 type=\u0022image\/webp\u0022 width=\u0022203\u0022 height=\u0022106\u0022\/\u003E\n                  \u003Csource srcset=\u0022\/sites\/default\/files\/styles\/teaser_standard__m\/public\/aurora\/2026\/02\/509867.jpeg?itok=jeLnGrHL 1x\u0022 media=\u0022(min-width: 48.0625em) and (max-width: 64em)\u0022 type=\u0022image\/jpeg\u0022 width=\u0022323\u0022 height=\u0022169\u0022\/\u003E\n                  \u003Csource srcset=\u0022\/sites\/default\/files\/styles\/teaser_standard__l\/public\/aurora\/2026\/02\/509867.jpeg?itok=ZQe6T_01 1x\u0022 media=\u0022(min-width: 64.0625em)\u0022 type=\u0022image\/jpeg\u0022 width=\u0022203\u0022 height=\u0022106\u0022\/\u003E\n                          \u003Cimg alt=\u0022Viel Potenzial zeigt sich in NRW.\u0022 loading=\u0022eager\u0022 data-caption-hide width=\u0022708\u0022 height=\u0022370\u0022 data-zoomed=\u0022https:\/\/www.erneuerbareenergien.de\/sites\/default\/files\/styles\/content__zoomed\/public\/aurora\/2026\/02\/509867.jpeg?itok=68NcVGdR\u0022 src=\u0022\/sites\/default\/files\/styles\/teaser_standard__s\/public\/aurora\/2026\/02\/509867.jpeg?itok=pTgfGvhV\u0022 title=\u0022\u00a9 Foto: Fraunhofer ISE\u0022 \/\u003E\n\n    \u003C\/picture\u003E\n      \u003Cfigcaption class=\u0022image--figcaption\u0022\u003E\n          \u003Cdiv class=\u0022copyright\u0022\u003EFoto: Fraunhofer ISE\u003C\/div\u003E\n          \u003C\/figcaption\u003E\n\u003C\/figure\u003E\n\n\n    \u003C\/div\u003E\n    \u003Cdiv class=\u0022teaser-content\u0022\u003E\n                    \u003Cdiv class=\u0022teaser-content--kicker\u0022\u003E\n                    \n        \u003C\/div\u003E\n                                              \n                        \n        \u003Ch4 class=\u0022teaser-content--headline\u0022\u003E\n                                Wo so\ufeffllten Elektrolyseure \n                              \u003Cspan class=\u0022headline-last-word-arrow\u0022\u003Eentstehen?              \u003Cspan\n                  class=\u0022permission-lock permission-lock-icon--\u0022\u003E\u003C\/span\u003E\n                                  \u003C\/span\u003E\n        \u003C\/h4\u003E\n            \u003Cdiv class=\u0022teaser-content--publishing-date\u0022\u003E\u003Ctime datetime=\u00222026-02-03T14:24:28Z\u0022\u003E03.02.2026\u003C\/time\u003E\n\u003C\/div\u003E\u003Cspan class=\u0022teaser-content--publishing-date-divider\u0022\u003E - \u003C\/span\u003E\u003Cdiv class=\u0022teaser-content--body\u0022\u003E\u003Cp\u003EPotenzialatlas Power-to-Hydrogen des Fraunhofer ISE\u003C\/p\u003E\n\u003C\/div\u003E\n                        \u003Cspan class=\u0022read-more-arrow-container\u0022\u003E\n            \u003Cspan class=\u0022read-more-angled-arrow\u0022\u003E \u003C\/span\u003E\n          \u003C\/span\u003E\n                  \u003C\/div\u003E\n    \u003C\/a\u003E\n\u003Ca href=\u0022\/energieversorger\/kommunen\/talkrunde-stadtwerke-und-kommunen-als-meister-der-energiewende\u0022  class=\u0022teaser teaser--standard\u0022 aria-label=\u0022Talkrunde: Stadtwerke und Kommunen als Meister der Energiewende\u0022\u003E\n      \u003Cdiv class=\u0022teaser-content--image\u0022\u003E\n        \u003Cfigure class=\u0022image--figure\u0022\u003E\n        \u003Cpicture\u003E\n                        \u003Csource srcset=\u0022\/sites\/default\/files\/styles\/teaser_standard__m\/public\/aurora\/2025\/05\/447190.jpeg.webp?itok=O7vbeHPG 1x\u0022 media=\u0022(min-width: 48.0625em) and (max-width: 64em)\u0022 type=\u0022image\/webp\u0022 width=\u0022323\u0022 height=\u0022182\u0022\/\u003E\n                  \u003Csource srcset=\u0022\/sites\/default\/files\/styles\/teaser_standard__l\/public\/aurora\/2025\/05\/447190.jpeg.webp?itok=ARm3w3Xl 1x\u0022 media=\u0022(min-width: 64.0625em)\u0022 type=\u0022image\/webp\u0022 width=\u0022203\u0022 height=\u0022114\u0022\/\u003E\n                  \u003Csource srcset=\u0022\/sites\/default\/files\/styles\/teaser_standard__m\/public\/aurora\/2025\/05\/447190.jpeg?itok=n0D_b7J8 1x\u0022 media=\u0022(min-width: 48.0625em) and (max-width: 64em)\u0022 type=\u0022image\/jpeg\u0022 width=\u0022323\u0022 height=\u0022182\u0022\/\u003E\n                  \u003Csource srcset=\u0022\/sites\/default\/files\/styles\/teaser_standard__l\/public\/aurora\/2025\/05\/447190.jpeg?itok=UQqB8ty7 1x\u0022 media=\u0022(min-width: 64.0625em)\u0022 type=\u0022image\/jpeg\u0022 width=\u0022203\u0022 height=\u0022114\u0022\/\u003E\n                          \u003Cimg loading=\u0022eager\u0022 data-caption-hide width=\u0022707\u0022 height=\u0022398\u0022 data-zoomed=\u0022https:\/\/www.erneuerbareenergien.de\/sites\/default\/files\/styles\/content__zoomed\/public\/aurora\/2025\/05\/447190.jpeg?itok=-TgvUfCK\u0022 src=\u0022\/sites\/default\/files\/styles\/teaser_standard__s\/public\/aurora\/2025\/05\/447190.jpeg?itok=qEc45abY\u0022 alt=\u0022\u0022 title=\u0022Drei Personen stehen mit Mikrofonen in der Hand um einen runden Tisch und diskutieren vor einer wei\u00dfen Wand. - \u00a9 GEM\u0022 \/\u003E\n\n    \u003C\/picture\u003E\n      \u003Cfigcaption class=\u0022image--figcaption\u0022\u003E\n          \u003Cdiv class=\u0022copyright\u0022\u003EGEM\u003C\/div\u003E\n          \u003C\/figcaption\u003E\n\u003C\/figure\u003E\n\n\n    \u003C\/div\u003E\n    \u003Cdiv class=\u0022teaser-content\u0022\u003E\n                    \u003Cdiv class=\u0022teaser-content--kicker\u0022\u003E\n                    \n        \u003C\/div\u003E\n                                              \n                        \n        \u003Ch4 class=\u0022teaser-content--headline\u0022\u003E\n                                Talkrunde: Stadtwerke und Kommunen als Meister der \n                              \u003Cspan class=\u0022headline-last-word-arrow\u0022\u003EEnergiewende                      \u003C\/span\u003E\n        \u003C\/h4\u003E\n            \u003Cdiv class=\u0022teaser-content--publishing-date\u0022\u003E\u003Ctime datetime=\u00222026-01-19T11:10:41Z\u0022\u003E19.01.2026\u003C\/time\u003E\n\u003C\/div\u003E\u003Cspan class=\u0022teaser-content--publishing-date-divider\u0022\u003E - \u003C\/span\u003E\u003Cdiv class=\u0022teaser-content--body\u0022\u003E\u003Cp\u003EStuttgart und T\u00fcbingen geh\u00f6ren zu den Vorzeigest\u00e4dten, wenn es um die Transformation des Energiesystems geht. Wie das gelingt und wie schwierig es oft ist, erz\u00e4hlen zwei Experten in unserem Talk.\u0026nbsp; \u0026nbsp;\u003C\/p\u003E\n\u003C\/div\u003E\n                        \u003Cspan class=\u0022read-more-arrow-container\u0022\u003E\n            \u003Cspan class=\u0022read-more-angled-arrow\u0022\u003E \u003C\/span\u003E\n          \u003C\/span\u003E\n                  \u003C\/div\u003E\n    \u003C\/a\u003E\n\u003Ca href=\u0022\/energieversorger\/kommunen\/zwei-mal-80-megawatt-11-turbinen-felder-der-fraenkischen-schweiz\u0022  class=\u0022teaser teaser--standard\u0022 aria-label=\u0022Zwei Mal 80 Megawatt: 11-Turbinen-Felder in der Fr\u00e4nkischen Schweiz\u0022\u003E\n      \u003Cdiv class=\u0022teaser-content--image\u0022\u003E\n        \u003Cfigure class=\u0022image--figure\u0022\u003E\n        \u003Cpicture\u003E\n                        \u003Csource srcset=\u0022\/sites\/default\/files\/styles\/teaser_standard__m\/public\/aurora\/2025\/12\/502119.jpeg.webp?itok=SphZPVC_ 1x\u0022 media=\u0022(min-width: 48.0625em) and (max-width: 64em)\u0022 type=\u0022image\/webp\u0022 width=\u0022323\u0022 height=\u0022182\u0022\/\u003E\n                  \u003Csource srcset=\u0022\/sites\/default\/files\/styles\/teaser_standard__l\/public\/aurora\/2025\/12\/502119.jpeg.webp?itok=uabo8hux 1x\u0022 media=\u0022(min-width: 64.0625em)\u0022 type=\u0022image\/webp\u0022 width=\u0022203\u0022 height=\u0022114\u0022\/\u003E\n                  \u003Csource srcset=\u0022\/sites\/default\/files\/styles\/teaser_standard__m\/public\/aurora\/2025\/12\/502119.jpeg?itok=UjCHJzUf 1x\u0022 media=\u0022(min-width: 48.0625em) and (max-width: 64em)\u0022 type=\u0022image\/jpeg\u0022 width=\u0022323\u0022 height=\u0022182\u0022\/\u003E\n                  \u003Csource srcset=\u0022\/sites\/default\/files\/styles\/teaser_standard__l\/public\/aurora\/2025\/12\/502119.jpeg?itok=c-U8wnE7 1x\u0022 media=\u0022(min-width: 64.0625em)\u0022 type=\u0022image\/jpeg\u0022 width=\u0022203\u0022 height=\u0022114\u0022\/\u003E\n                          \u003Cimg alt=\u0022Simulation des Windparks Alt\u00f6tting aus Kirchturmsperspektive von Mehring aus\u0022 loading=\u0022eager\u0022 data-caption-hide width=\u0022708\u0022 height=\u0022398\u0022 data-zoomed=\u0022https:\/\/www.erneuerbareenergien.de\/sites\/default\/files\/styles\/content__zoomed\/public\/aurora\/2025\/12\/502119.jpeg?itok=v1-xv-Zn\u0022 src=\u0022\/sites\/default\/files\/styles\/teaser_standard__s\/public\/aurora\/2025\/12\/502119.jpeg?itok=vCKwLE2b\u0022 title=\u0022\u00a9 Qair\u0022 \/\u003E\n\n    \u003C\/picture\u003E\n      \u003Cfigcaption class=\u0022image--figcaption\u0022\u003E\n          \u003Cdiv class=\u0022copyright\u0022\u003EQair\u003C\/div\u003E\n          \u003C\/figcaption\u003E\n\u003C\/figure\u003E\n\n\n    \u003C\/div\u003E\n    \u003Cdiv class=\u0022teaser-content\u0022\u003E\n                    \u003Cdiv class=\u0022teaser-content--kicker\u0022\u003E\n                    \n        \u003C\/div\u003E\n                                              \n                        \n        \u003Ch4 class=\u0022teaser-content--headline\u0022\u003E\n                                Zwei Mal 80 Megawatt: 11-Turbinen-Felder in der Fr\u00e4nkischen \n                              \u003Cspan class=\u0022headline-last-word-arrow\u0022\u003ESchweiz                      \u003C\/span\u003E\n        \u003C\/h4\u003E\n            \u003Cdiv class=\u0022teaser-content--publishing-date\u0022\u003E\u003Ctime datetime=\u00222025-12-13T22:48:45Z\u0022\u003E13.12.2025\u003C\/time\u003E\n\u003C\/div\u003E\u003Cspan class=\u0022teaser-content--publishing-date-divider\u0022\u003E - \u003C\/span\u003E\u003Cdiv class=\u0022teaser-content--body\u0022\u003E\u003Cp\u003ENun\u0026nbsp;entstehen auch in Bayern gro\u00dfe Windparks. Vier Jahre nach dem Ende der strengen Abstandsregeln f\u00fcr Waldstandorte gehen die Projekte nun in Bau.\u003C\/p\u003E\n\u003C\/div\u003E\n                        \u003Cspan class=\u0022read-more-arrow-container\u0022\u003E\n            \u003Cspan class=\u0022read-more-angled-arrow\u0022\u003E \u003C\/span\u003E\n          \u003C\/span\u003E\n                  \u003C\/div\u003E\n    \u003C\/a\u003E\n\u003Ca href=\u0022\/energieversorger\/kommunen\/evangelisches-waldkrankenhaus-berlin-senkt-kosten-mit-modernem-energiekonzept\u0022  class=\u0022teaser teaser--standard\u0022 aria-label=\u0022Evangelisches Waldkrankenhaus Berlin senkt Kosten mit modernem Energiekonzept\u0022\u003E\n      \u003Cdiv class=\u0022teaser-content--image\u0022\u003E\n        \u003Cfigure class=\u0022image--figure\u0022\u003E\n        \u003Cpicture\u003E\n                        \u003Csource srcset=\u0022\/sites\/default\/files\/styles\/teaser_standard__m\/public\/aurora\/2025\/11\/496824.jpeg.webp?itok=7eSBOAlp 1x\u0022 media=\u0022(min-width: 48.0625em) and (max-width: 64em)\u0022 type=\u0022image\/webp\u0022 width=\u0022323\u0022 height=\u0022182\u0022\/\u003E\n                  \u003Csource srcset=\u0022\/sites\/default\/files\/styles\/teaser_standard__l\/public\/aurora\/2025\/11\/496824.jpeg.webp?itok=yhRrUBeM 1x\u0022 media=\u0022(min-width: 64.0625em)\u0022 type=\u0022image\/webp\u0022 width=\u0022203\u0022 height=\u0022114\u0022\/\u003E\n                  \u003Csource srcset=\u0022\/sites\/default\/files\/styles\/teaser_standard__m\/public\/aurora\/2025\/11\/496824.jpeg?itok=rg8IdRq_ 1x\u0022 media=\u0022(min-width: 48.0625em) and (max-width: 64em)\u0022 type=\u0022image\/jpeg\u0022 width=\u0022323\u0022 height=\u0022182\u0022\/\u003E\n                  \u003Csource srcset=\u0022\/sites\/default\/files\/styles\/teaser_standard__l\/public\/aurora\/2025\/11\/496824.jpeg?itok=Zw9HkOr6 1x\u0022 media=\u0022(min-width: 64.0625em)\u0022 type=\u0022image\/jpeg\u0022 width=\u0022203\u0022 height=\u0022114\u0022\/\u003E\n                          \u003Cimg alt=\u0022Die Photovoltaik auf dem Dach deckt die H\u00e4lfte des Strombedarfs ab.\u0022 loading=\u0022eager\u0022 data-caption-hide width=\u0022708\u0022 height=\u0022398\u0022 data-zoomed=\u0022https:\/\/www.erneuerbareenergien.de\/sites\/default\/files\/styles\/content__zoomed\/public\/aurora\/2025\/11\/496824.jpeg?itok=RD4nlXzi\u0022 src=\u0022\/sites\/default\/files\/styles\/teaser_standard__s\/public\/aurora\/2025\/11\/496824.jpeg?itok=KPkD08Ne\u0022 title=\u0022\u00a9 Gasag Solution Plus\u0022 \/\u003E\n\n    \u003C\/picture\u003E\n      \u003Cfigcaption class=\u0022image--figcaption\u0022\u003E\n          \u003Cdiv class=\u0022copyright\u0022\u003EGasag Solution Plus\u003C\/div\u003E\n          \u003C\/figcaption\u003E\n\u003C\/figure\u003E\n\n\n    \u003C\/div\u003E\n    \u003Cdiv class=\u0022teaser-content\u0022\u003E\n                    \u003Cdiv class=\u0022teaser-content--kicker\u0022\u003E\n                    \n        \u003C\/div\u003E\n                                              \n                        \n        \u003Ch4 class=\u0022teaser-content--headline\u0022\u003E\n                                Evangelisches Waldkrankenhaus Berlin senkt Kosten mit modernem \n                              \u003Cspan class=\u0022headline-last-word-arrow\u0022\u003EEnergiekonzept                      \u003C\/span\u003E\n        \u003C\/h4\u003E\n            \u003Cdiv class=\u0022teaser-content--publishing-date\u0022\u003E\u003Ctime datetime=\u00222025-11-26T10:00:07Z\u0022\u003E26.11.2025\u003C\/time\u003E\n\u003C\/div\u003E\u003Cspan class=\u0022teaser-content--publishing-date-divider\u0022\u003E - \u003C\/span\u003E\u003Cdiv class=\u0022teaser-content--body\u0022\u003E\u003Cp\u003EMit Photovoltaik, BHKW und mehr Effizienz spart die Klinik im Westen Berlins jedes Jahr einen sechsstelligen Betrag ein. Die Herausforderung der Projektpartner war, dass der gesamte Umbau bei laufendem Krankenhausbetrieb erfolgen musste.\u003C\/p\u003E\n\u003C\/div\u003E\n                        \u003Cspan class=\u0022read-more-arrow-container\u0022\u003E\n            \u003Cspan class=\u0022read-more-angled-arrow\u0022\u003E \u003C\/span\u003E\n          \u003C\/span\u003E\n                  \u003C\/div\u003E\n    \u003C\/a\u003E\n\u003Ca href=\u0022\/energieversorger\/kommunen\/neue-windparks-muessen-brandenburg-verdreifachten-akzeptanzbeitrag-zahlen\u0022  class=\u0022teaser teaser--standard\u0022 aria-label=\u0022Neue Windparks m\u00fcssen in Brandenburg verdreifachten Akzeptanzbeitrag zahlen\u0022\u003E\n      \u003Cdiv class=\u0022teaser-content--image\u0022\u003E\n        \u003Cfigure class=\u0022image--figure\u0022\u003E\n        \u003Cpicture\u003E\n                        \u003Csource srcset=\u0022\/sites\/default\/files\/styles\/teaser_standard__m\/public\/aurora\/2025\/11\/495291.jpeg.webp?itok=-tYR1Gnd 1x\u0022 media=\u0022(min-width: 48.0625em) and (max-width: 64em)\u0022 type=\u0022image\/webp\u0022 width=\u0022323\u0022 height=\u0022182\u0022\/\u003E\n                  \u003Csource srcset=\u0022\/sites\/default\/files\/styles\/teaser_standard__l\/public\/aurora\/2025\/11\/495291.jpeg.webp?itok=6DzsHCTL 1x\u0022 media=\u0022(min-width: 64.0625em)\u0022 type=\u0022image\/webp\u0022 width=\u0022203\u0022 height=\u0022115\u0022\/\u003E\n                  \u003Csource srcset=\u0022\/sites\/default\/files\/styles\/teaser_standard__m\/public\/aurora\/2025\/11\/495291.jpeg?itok=-aJiISVh 1x\u0022 media=\u0022(min-width: 48.0625em) and (max-width: 64em)\u0022 type=\u0022image\/jpeg\u0022 width=\u0022323\u0022 height=\u0022182\u0022\/\u003E\n                  \u003Csource srcset=\u0022\/sites\/default\/files\/styles\/teaser_standard__l\/public\/aurora\/2025\/11\/495291.jpeg?itok=9elX91pF 1x\u0022 media=\u0022(min-width: 64.0625em)\u0022 type=\u0022image\/jpeg\u0022 width=\u0022203\u0022 height=\u0022115\u0022\/\u003E\n                          \u003Cimg alt=\u0022Brandenburger Landtag\u0022 loading=\u0022eager\u0022 data-caption-hide width=\u0022705\u0022 height=\u0022398\u0022 data-zoomed=\u0022https:\/\/www.erneuerbareenergien.de\/sites\/default\/files\/styles\/content__zoomed\/public\/aurora\/2025\/11\/495291.jpeg?itok=RuAZOJ4H\u0022 src=\u0022\/sites\/default\/files\/styles\/teaser_standard__s\/public\/aurora\/2025\/11\/495291.jpeg?itok=wnn9oUDL\u0022 title=\u0022\u00a9 LHP\/ Robert Schnabel\u0022 \/\u003E\n\n    \u003C\/picture\u003E\n      \u003Cfigcaption class=\u0022image--figcaption\u0022\u003E\n          \u003Cdiv class=\u0022copyright\u0022\u003ELHP\/ Robert Schnabel\u003C\/div\u003E\n          \u003C\/figcaption\u003E\n\u003C\/figure\u003E\n\n\n    \u003C\/div\u003E\n    \u003Cdiv class=\u0022teaser-content\u0022\u003E\n                    \u003Cdiv class=\u0022teaser-content--kicker\u0022\u003E\n                    \n        \u003C\/div\u003E\n                                              \n                        \n        \u003Ch4 class=\u0022teaser-content--headline\u0022\u003E\n                                Neue Windparks m\u00fcssen in Brandenburg verdreifachten Akzeptanzbeitrag \n                              \u003Cspan class=\u0022headline-last-word-arrow\u0022\u003Ezahlen                      \u003C\/span\u003E\n        \u003C\/h4\u003E\n            \u003Cdiv class=\u0022teaser-content--publishing-date\u0022\u003E\u003Ctime datetime=\u00222025-11-20T03:33:10Z\u0022\u003E20.11.2025\u003C\/time\u003E\n\u003C\/div\u003E\u003Cspan class=\u0022teaser-content--publishing-date-divider\u0022\u003E - \u003C\/span\u003E\u003Cdiv class=\u0022teaser-content--body\u0022\u003E\u003Cp\u003ELandtag in Potsdam best\u00e4tigt Sonderabgabengesetz f\u00fcr Windenergie- und Solaranlagen. Kommunen- und Branchenverband sehen Projekte \u00fcberfordert.\u003C\/p\u003E\n\u003C\/div\u003E\n                        \u003Cspan class=\u0022read-more-arrow-container\u0022\u003E\n            \u003Cspan class=\u0022read-more-angled-arrow\u0022\u003E \u003C\/span\u003E\n          \u003C\/span\u003E\n                  \u003C\/div\u003E\n    \u003C\/a\u003E\n\u003Ca href=\u0022\/energieversorger\/kommunen\/115-millionen-euro-fuer-die-klimazukunft-vier-vorreiterkommunen-zeigen-wie-die\u0022  class=\u0022teaser teaser--standard\u0022 aria-label=\u002211,5\u202fMillionen Euro f\u00fcr die Klimazukunft: Vier Vorreiterkommunen zeigen, wie die Energiewende vor Ort gelingt\u0022\u003E\n      \u003Cdiv class=\u0022teaser-content--image\u0022\u003E\n        \u003Cfigure class=\u0022image--figure\u0022\u003E\n        \u003Cpicture\u003E\n                        \u003Csource srcset=\u0022\/sites\/default\/files\/styles\/teaser_standard__m\/public\/aurora\/2025\/11\/494328.jpeg.webp?itok=1LHTbX64 1x\u0022 media=\u0022(min-width: 48.0625em) and (max-width: 64em)\u0022 type=\u0022image\/webp\u0022 width=\u0022323\u0022 height=\u0022182\u0022\/\u003E\n                  \u003Csource srcset=\u0022\/sites\/default\/files\/styles\/teaser_standard__l\/public\/aurora\/2025\/11\/494328.jpeg.webp?itok=J78cctE4 1x\u0022 media=\u0022(min-width: 64.0625em)\u0022 type=\u0022image\/webp\u0022 width=\u0022203\u0022 height=\u0022114\u0022\/\u003E\n                  \u003Csource srcset=\u0022\/sites\/default\/files\/styles\/teaser_standard__m\/public\/aurora\/2025\/11\/494328.jpeg?itok=RcNxhi9j 1x\u0022 media=\u0022(min-width: 48.0625em) and (max-width: 64em)\u0022 type=\u0022image\/jpeg\u0022 width=\u0022323\u0022 height=\u0022182\u0022\/\u003E\n                  \u003Csource srcset=\u0022\/sites\/default\/files\/styles\/teaser_standard__l\/public\/aurora\/2025\/11\/494328.jpeg?itok=7Fzfg878 1x\u0022 media=\u0022(min-width: 64.0625em)\u0022 type=\u0022image\/jpeg\u0022 width=\u0022203\u0022 height=\u0022114\u0022\/\u003E\n                          \u003Cimg alt=\u0022Die Stadt Freiburg wirbt mit einer Kommunikationskampagne auf den Stra\u00dfenbahnen f\u00fcr den Ausbau der Windkraft.\u0022 loading=\u0022eager\u0022 data-caption-hide width=\u0022600\u0022 height=\u0022338\u0022 data-zoomed=\u0022https:\/\/www.erneuerbareenergien.de\/sites\/default\/files\/styles\/content__zoomed\/public\/aurora\/2025\/11\/494328.jpeg?itok=VyJh99l-\u0022 src=\u0022\/sites\/default\/files\/styles\/teaser_standard__s\/public\/aurora\/2025\/11\/494328.jpeg?itok=kA2fyOg4\u0022 title=\u0022\u00a9 \u00a0Patrick Seeger\u0022 \/\u003E\n\n    \u003C\/picture\u003E\n      \u003Cfigcaption class=\u0022image--figcaption\u0022\u003E\n          \u003Cdiv class=\u0022copyright\u0022\u003E\u00a0Patrick Seeger\u003C\/div\u003E\n          \u003C\/figcaption\u003E\n\u003C\/figure\u003E\n\n\n    \u003C\/div\u003E\n    \u003Cdiv class=\u0022teaser-content\u0022\u003E\n                    \u003Cdiv class=\u0022teaser-content--kicker\u0022\u003E\n                    \n        \u003C\/div\u003E\n                                              \n                        \n        \u003Ch4 class=\u0022teaser-content--headline\u0022\u003E\n                                11,5\u202fMillionen Euro f\u00fcr die Klimazukunft: Vier Vorreiterkommunen zeigen, wie die Energiewende vor Ort \n                              \u003Cspan class=\u0022headline-last-word-arrow\u0022\u003Egelingt                      \u003C\/span\u003E\n        \u003C\/h4\u003E\n            \u003Cdiv class=\u0022teaser-content--publishing-date\u0022\u003E\u003Ctime datetime=\u00222025-11-14T15:52:42Z\u0022\u003E14.11.2025\u003C\/time\u003E\n\u003C\/div\u003E\u003Cspan class=\u0022teaser-content--publishing-date-divider\u0022\u003E - \u003C\/span\u003E\u003Cdiv class=\u0022teaser-content--body\u0022\u003E\u003Cp\u003EDenzlingen, Freiburg, Ludwigsburg und der Landkreis Calw setzen seit zwei Jahren erfolgreich auf Solarenergie, W\u00e4rmenetze, B\u00fcrgerbeteiligung und lokale Innovation. Das gemeinsame Ziel: Klimaneutralit\u00e4t bis 2035 \u2013 und Vorbildwirkung weit \u00fcber Baden-W\u00fcrttemberg hinaus.\u003C\/p\u003E\n\u003C\/div\u003E\n                        \u003Cspan class=\u0022read-more-arrow-container\u0022\u003E\n            \u003Cspan class=\u0022read-more-angled-arrow\u0022\u003E \u003C\/span\u003E\n          \u003C\/span\u003E\n                  \u003C\/div\u003E\n    \u003C\/a\u003E\n","entity_type":"node","used_ids":["",257311,257309,257270,255880,255493,255491,255489,255465,255017,253820,253819,253815,253813,253811,240918,251824,250737,250480,250266],"show_more":"\u003Cdiv class=\u0022del-show-more\u0022\u003E\u003Ca href=\u0022\/ajax\/del\/358251dd-3431-4ba7-9a58-b581da366bae\/paragraph\/20\/19\/asc\/eyJub2RlIjp7ImlkIjoiMTg1MDQwIiwidHlwZSI6InBhZ2UifX0%3D\u0022 title=\u0022Mehr Elemente anzeigen\u0022 class=\u0022del-show-more-link use-ajax\u0022 rel=\u0022nofollow\u0022 data-target-type=\u0022node\u0022 aria-controls=\u0022del--paragraph-649564--content\u0022 aria-label=\u0022Mehr Elemente anzeigen\u0022\u003EMehr anzeigen\u003C\/a\u003E\u003C\/div\u003E\n"}]