[{"command":"settings","settings":{"pluralDelimiter":"\u0003","suppressDeprecationErrors":true,"ajaxPageState":{"libraries":"eJxLzi9K1S_ITC4pLUpNy8zJ0UmpzEvMzUyOT80rySypjM_JLC7RL87IL4_PBaoEALH_EqY","theme":"ivory","theme_token":null},"ajaxTrustedUrl":[],"user":{"uid":0,"permissionsHash":"9c975576f1b96e43d31b3ff34c1ca6b53b6096ff14d83974ef00f2d68011e8fb"}},"merge":true},{"command":"add_css","data":[{"rel":"stylesheet","media":"all","href":"\/core\/themes\/stable9\/css\/core\/components\/progress.module.css?te7139"},{"rel":"stylesheet","media":"all","href":"\/core\/themes\/stable9\/css\/core\/components\/ajax-progress.module.css?te7139"},{"rel":"stylesheet","media":"all","href":"\/themes\/contrib\/gin\/dist\/css\/components\/ajax.css?te7139"}]},{"command":"add_js","selector":"body","data":[{"src":"\/core\/assets\/vendor\/jquery\/jquery.min.js?v=4.0.0"},{"src":"\/sites\/default\/files\/js\/js_r2NZTSEf6DGaM5CM5zGvFtfOgqK25swusB6pVrJ_gZg.js?scope=footer\u0026delta=1\u0026language=de-ere\u0026theme=ivory\u0026include=eJxLqcxLzM1Mjk_NK8ksqYzPySwu0S_OyC-Pz80vSgUAtBcL_w"}]},{"command":"showMoreTeasers","id":"del--paragraph-649532","content":"\u003Ca href=\u0022\/transformation\/netze\/netzpaket-mehr-als-30-gw-erneuerbaren-projekte-und-45-milliarden-euro-private-investitionen\u0022  class=\u0022teaser teaser--standard\u0022 aria-label=\u0022Netzpaket: Mehr als 30\u00a0GW Erneuerbaren-Projekte und 45\u00a0Milliarden Euro private Investitionen gef\u00e4hrdet\u0022\u003E\n      \u003Cdiv class=\u0022teaser-content--image\u0022\u003E\n        \u003Cfigure class=\u0022image--figure\u0022\u003E\n        \u003Cpicture\u003E\n                        \u003Csource srcset=\u0022\/sites\/default\/files\/styles\/teaser_standard__m\/public\/aurora\/2026\/03\/525137.jpeg.webp?itok=bxcltMJh 1x\u0022 media=\u0022(min-width: 48.0625em) and (max-width: 64em)\u0022 type=\u0022image\/webp\u0022 width=\u0022323\u0022 height=\u0022182\u0022\/\u003E\n                  \u003Csource srcset=\u0022\/sites\/default\/files\/styles\/teaser_standard__l\/public\/aurora\/2026\/03\/525137.jpeg.webp?itok=PuOkqds3 1x\u0022 media=\u0022(min-width: 64.0625em)\u0022 type=\u0022image\/webp\u0022 width=\u0022203\u0022 height=\u0022114\u0022\/\u003E\n                  \u003Csource srcset=\u0022\/sites\/default\/files\/styles\/teaser_standard__m\/public\/aurora\/2026\/03\/525137.jpeg?itok=yVaG5iXm 1x\u0022 media=\u0022(min-width: 48.0625em) and (max-width: 64em)\u0022 type=\u0022image\/jpeg\u0022 width=\u0022323\u0022 height=\u0022182\u0022\/\u003E\n                  \u003Csource srcset=\u0022\/sites\/default\/files\/styles\/teaser_standard__l\/public\/aurora\/2026\/03\/525137.jpeg?itok=MJd9zIE8 1x\u0022 media=\u0022(min-width: 64.0625em)\u0022 type=\u0022image\/jpeg\u0022 width=\u0022203\u0022 height=\u0022114\u0022\/\u003E\n                          \u003Cimg loading=\u0022eager\u0022 data-caption-hide width=\u0022708\u0022 height=\u0022398\u0022 data-zoomed=\u0022https:\/\/www.erneuerbareenergien.de\/sites\/default\/files\/styles\/content__zoomed\/public\/aurora\/2026\/03\/525137.jpeg?itok=S4GZ75FL\u0022 src=\u0022\/sites\/default\/files\/styles\/teaser_standard__s\/public\/aurora\/2026\/03\/525137.jpeg?itok=n1Ylgywg\u0022 title=\u0022Sonnenkollektoren und Stromleitungen mit der untergehenden Sonne im Hintergrund bei teilweise bew\u00f6lktem Himmel. - \u00a9 lovelyday12 - stock.adobe.com\u0022 \/\u003E\n\n    \u003C\/picture\u003E\n      \u003Cfigcaption class=\u0022image--figcaption\u0022\u003E\n          \u003Cdiv class=\u0022copyright\u0022\u003Elovelyday12 - stock.adobe.com\u003C\/div\u003E\n          \u003C\/figcaption\u003E\n\u003C\/figure\u003E\n\n\n    \u003C\/div\u003E\n    \u003Cdiv class=\u0022teaser-content\u0022\u003E\n                    \u003Cdiv class=\u0022teaser-content--kicker\u0022\u003E\n                    \n        \u003C\/div\u003E\n                                              \n                        \n        \u003Ch4 class=\u0022teaser-content--headline\u0022\u003E\n                                Netzpaket: Mehr als 30\u00a0GW Erneuerbaren-Projekte und 45\u00a0Milliarden Euro private Investitionen \n                              \u003Cspan class=\u0022headline-last-word-arrow\u0022\u003Egef\u00e4hrdet                      \u003C\/span\u003E\n        \u003C\/h4\u003E\n            \u003Cdiv class=\u0022teaser-content--publishing-date\u0022\u003E\u003Ctime datetime=\u00222026-03-26T06:00:04Z\u0022\u003E26.03.2026\u003C\/time\u003E\n\u003C\/div\u003E\u003Cspan class=\u0022teaser-content--publishing-date-divider\u0022\u003E - \u003C\/span\u003E\u003Cdiv class=\u0022teaser-content--body\u0022\u003E\u003Cp\u003EEine neue Studie berechnet die Auswirkungen der Pl\u00e4ne des Wirtschaftsministeriums: 90 Landkreise w\u00e4ren betroffen \u2013 und das nicht nur im Norden Deutschlands.\u003C\/p\u003E\n\u003C\/div\u003E\n                        \u003Cspan class=\u0022read-more-arrow-container\u0022\u003E\n            \u003Cspan class=\u0022read-more-angled-arrow\u0022\u003E \u003C\/span\u003E\n          \u003C\/span\u003E\n                  \u003C\/div\u003E\n    \u003C\/a\u003E\n\u003Ca href=\u0022\/transformation\/netze\/technologieoffenheit-und-praxisnaehe-fuer-stabilitaet\u0022  class=\u0022teaser teaser--standard\u0022 aria-label=\u0022Technologieoffenheit und Praxisn\u00e4he f\u00fcr Stabilit\u00e4t\u0022\u003E\n      \u003Cdiv class=\u0022teaser-content--image\u0022\u003E\n              \u003Cpicture\u003E\n                        \u003Csource srcset=\u0022\/sites\/default\/files\/styles\/teaser_standard__m\/public\/aurora\/2026\/03\/517910.jpeg.webp?itok=o--6EaG5 1x\u0022 media=\u0022(min-width: 48.0625em) and (max-width: 64em)\u0022 type=\u0022image\/webp\u0022 width=\u0022323\u0022 height=\u0022232\u0022\/\u003E\n                  \u003Csource srcset=\u0022\/sites\/default\/files\/styles\/teaser_standard__l\/public\/aurora\/2026\/03\/517910.jpeg.webp?itok=aQkHxcZb 1x\u0022 media=\u0022(min-width: 64.0625em)\u0022 type=\u0022image\/webp\u0022 width=\u0022203\u0022 height=\u0022146\u0022\/\u003E\n                  \u003Csource srcset=\u0022\/sites\/default\/files\/styles\/teaser_standard__m\/public\/aurora\/2026\/03\/517910.jpeg?itok=iny8egc6 1x\u0022 media=\u0022(min-width: 48.0625em) and (max-width: 64em)\u0022 type=\u0022image\/jpeg\u0022 width=\u0022323\u0022 height=\u0022232\u0022\/\u003E\n                  \u003Csource srcset=\u0022\/sites\/default\/files\/styles\/teaser_standard__l\/public\/aurora\/2026\/03\/517910.jpeg?itok=_R-4Wcbq 1x\u0022 media=\u0022(min-width: 64.0625em)\u0022 type=\u0022image\/jpeg\u0022 width=\u0022203\u0022 height=\u0022146\u0022\/\u003E\n                          \u003Cimg loading=\u0022eager\u0022 data-caption-hide width=\u0022555\u0022 height=\u0022398\u0022 data-zoomed=\u0022https:\/\/www.erneuerbareenergien.de\/sites\/default\/files\/styles\/content__zoomed\/public\/aurora\/2026\/03\/517910.jpeg?itok=kVBSiE7h\u0022 src=\u0022\/sites\/default\/files\/styles\/teaser_standard__s\/public\/aurora\/2026\/03\/517910.jpeg?itok=npPO9afI\u0022 title=\u0022Drei wei\u00dfe CATL-Batteriespeicher stehen hinter gelben Wildblumen in einer l\u00e4ndlichen Landschaft bei Sonnenuntergang.\u0022 \/\u003E\n\n    \u003C\/picture\u003E\n    \n\n    \u003C\/div\u003E\n    \u003Cdiv class=\u0022teaser-content\u0022\u003E\n                    \u003Cdiv class=\u0022teaser-content--kicker\u0022\u003E\n                    \n        \u003C\/div\u003E\n                                              \n                        \n        \u003Ch4 class=\u0022teaser-content--headline\u0022\u003E\n                                Technologieoffenheit und Praxisn\u00e4he f\u00fcr \n                              \u003Cspan class=\u0022headline-last-word-arrow\u0022\u003EStabilit\u00e4t              \u003Cspan\n                  class=\u0022permission-lock permission-lock-icon--\u0022\u003E\u003C\/span\u003E\n                                  \u003C\/span\u003E\n        \u003C\/h4\u003E\n            \u003Cdiv class=\u0022teaser-content--publishing-date\u0022\u003E\u003Ctime datetime=\u00222026-03-06T11:05:20Z\u0022\u003E06.03.2026\u003C\/time\u003E\n\u003C\/div\u003E\u003Cspan class=\u0022teaser-content--publishing-date-divider\u0022\u003E - \u003C\/span\u003E\u003Cdiv class=\u0022teaser-content--body\u0022\u003E\u003Cp\u003ESpeicher und Elektrolyseure als R\u00fcckgrat eines Energiesystems im\u0026nbsp;Wandel brauchen einen stabilen regulatorischen Rahmen.\u003C\/p\u003E\n\u003C\/div\u003E\n                        \u003Cspan class=\u0022read-more-arrow-container\u0022\u003E\n            \u003Cspan class=\u0022read-more-angled-arrow\u0022\u003E \u003C\/span\u003E\n          \u003C\/span\u003E\n                  \u003C\/div\u003E\n    \u003C\/a\u003E\n\u003Ca href=\u0022\/transformation\/netze\/stillstand-im-zaehlerschrank\u0022  class=\u0022teaser teaser--standard\u0022 aria-label=\u0022Stillstand im Z\u00e4hlerschrank\u0022\u003E\n      \u003Cdiv class=\u0022teaser-content--image\u0022\u003E\n        \u003Cfigure class=\u0022image--figure\u0022\u003E\n        \u003Cpicture\u003E\n                        \u003Csource srcset=\u0022\/sites\/default\/files\/styles\/teaser_standard__m\/public\/aurora\/2026\/03\/518018.jpeg.webp?itok=1NxJ5B_B 1x\u0022 media=\u0022(min-width: 48.0625em) and (max-width: 64em)\u0022 type=\u0022image\/webp\u0022 width=\u0022323\u0022 height=\u0022185\u0022\/\u003E\n                  \u003Csource srcset=\u0022\/sites\/default\/files\/styles\/teaser_standard__l\/public\/aurora\/2026\/03\/518018.jpeg.webp?itok=se9y_fLL 1x\u0022 media=\u0022(min-width: 64.0625em)\u0022 type=\u0022image\/webp\u0022 width=\u0022203\u0022 height=\u0022116\u0022\/\u003E\n                  \u003Csource srcset=\u0022\/sites\/default\/files\/styles\/teaser_standard__m\/public\/aurora\/2026\/03\/518018.jpeg?itok=sTxQimBw 1x\u0022 media=\u0022(min-width: 48.0625em) and (max-width: 64em)\u0022 type=\u0022image\/jpeg\u0022 width=\u0022323\u0022 height=\u0022185\u0022\/\u003E\n                  \u003Csource srcset=\u0022\/sites\/default\/files\/styles\/teaser_standard__l\/public\/aurora\/2026\/03\/518018.jpeg?itok=WhboB_dr 1x\u0022 media=\u0022(min-width: 64.0625em)\u0022 type=\u0022image\/jpeg\u0022 width=\u0022203\u0022 height=\u0022116\u0022\/\u003E\n                          \u003Cimg alt=\u0022Der Gesetzgeber hat die j\u00e4hrlichen Kosten von Smart Metern f\u00fcr die Verbraucher gestaffelt, von 40 Euro bei 4.000 kWh bis 140 Euro bei 50.000 kWh.\u0022 loading=\u0022eager\u0022 data-caption-hide width=\u0022697\u0022 height=\u0022398\u0022 data-zoomed=\u0022https:\/\/www.erneuerbareenergien.de\/sites\/default\/files\/styles\/content__zoomed\/public\/aurora\/2026\/03\/518018.jpeg?itok=fu98sPq7\u0022 src=\u0022\/sites\/default\/files\/styles\/teaser_standard__s\/public\/aurora\/2026\/03\/518018.jpeg?itok=BFIY2mTH\u0022 title=\u0022\u00a9 Foto: ARVD73 - stock.adobe.com\u0022 \/\u003E\n\n    \u003C\/picture\u003E\n      \u003Cfigcaption class=\u0022image--figcaption\u0022\u003E\n          \u003Cdiv class=\u0022copyright\u0022\u003EFoto: ARVD73 - stock.adobe.com\u003C\/div\u003E\n          \u003C\/figcaption\u003E\n\u003C\/figure\u003E\n\n\n    \u003C\/div\u003E\n    \u003Cdiv class=\u0022teaser-content\u0022\u003E\n                    \u003Cdiv class=\u0022teaser-content--kicker\u0022\u003E\n                    \n        \u003C\/div\u003E\n                                              \n                        \n        \u003Ch4 class=\u0022teaser-content--headline\u0022\u003E\n                                Stillstand im \n                              \u003Cspan class=\u0022headline-last-word-arrow\u0022\u003EZ\u00e4hlerschrank                      \u003C\/span\u003E\n        \u003C\/h4\u003E\n            \u003Cdiv class=\u0022teaser-content--publishing-date\u0022\u003E\u003Ctime datetime=\u00222026-03-06T11:04:39Z\u0022\u003E06.03.2026\u003C\/time\u003E\n\u003C\/div\u003E\u003Cspan class=\u0022teaser-content--publishing-date-divider\u0022\u003E - \u003C\/span\u003E\u003Cdiv class=\u0022teaser-content--body\u0022\u003E\u003Cp\u003EWarum Deutschlands Smart-Meter-Rollout stockt \u2013 und was passieren muss, damit digitale Z\u00e4hler die Energiewende voranbringen k\u00f6nnen.\u003C\/p\u003E\n\u003C\/div\u003E\n                        \u003Cspan class=\u0022read-more-arrow-container\u0022\u003E\n            \u003Cspan class=\u0022read-more-angled-arrow\u0022\u003E \u003C\/span\u003E\n          \u003C\/span\u003E\n                  \u003C\/div\u003E\n    \u003C\/a\u003E\n\u003Ca href=\u0022\/transformation\/netze\/bidirektionales-laden-und-smart-meter-als-chance\u0022  class=\u0022teaser teaser--standard\u0022 aria-label=\u0022Bidirektionales Laden und Smart Meter als Chance\u0022\u003E\n      \u003Cdiv class=\u0022teaser-content--image\u0022\u003E\n        \u003Cfigure class=\u0022image--figure\u0022\u003E\n        \u003Cpicture\u003E\n                        \u003Csource srcset=\u0022\/sites\/default\/files\/styles\/teaser_standard__m\/public\/aurora\/2026\/03\/518031.jpeg.webp?itok=WVhrsz4l 1x\u0022 media=\u0022(min-width: 48.0625em) and (max-width: 64em)\u0022 type=\u0022image\/webp\u0022 width=\u0022323\u0022 height=\u0022201\u0022\/\u003E\n                  \u003Csource srcset=\u0022\/sites\/default\/files\/styles\/teaser_standard__l\/public\/aurora\/2026\/03\/518031.jpeg.webp?itok=_gbOM1gv 1x\u0022 media=\u0022(min-width: 64.0625em)\u0022 type=\u0022image\/webp\u0022 width=\u0022203\u0022 height=\u0022126\u0022\/\u003E\n                  \u003Csource srcset=\u0022\/sites\/default\/files\/styles\/teaser_standard__m\/public\/aurora\/2026\/03\/518031.jpeg?itok=Uz8sp2DY 1x\u0022 media=\u0022(min-width: 48.0625em) and (max-width: 64em)\u0022 type=\u0022image\/jpeg\u0022 width=\u0022323\u0022 height=\u0022201\u0022\/\u003E\n                  \u003Csource srcset=\u0022\/sites\/default\/files\/styles\/teaser_standard__l\/public\/aurora\/2026\/03\/518031.jpeg?itok=LKF2E7-j 1x\u0022 media=\u0022(min-width: 64.0625em)\u0022 type=\u0022image\/jpeg\u0022 width=\u0022203\u0022 height=\u0022126\u0022\/\u003E\n                          \u003Cimg alt=\u0022Bidirektionales Laden bietet wichtige Chancen f\u00fcr den Ausgleich schwankender Regenerativleistung\u0022 loading=\u0022eager\u0022 data-caption-hide width=\u0022641\u0022 height=\u0022398\u0022 data-zoomed=\u0022https:\/\/www.erneuerbareenergien.de\/sites\/default\/files\/styles\/content__zoomed\/public\/aurora\/2026\/03\/518031.jpeg?itok=xgKwmJFX\u0022 src=\u0022\/sites\/default\/files\/styles\/teaser_standard__s\/public\/aurora\/2026\/03\/518031.jpeg?itok=XUTSkQH6\u0022 title=\u0022\u00a9 Foto: Octopus Energy\u0022 \/\u003E\n\n    \u003C\/picture\u003E\n      \u003Cfigcaption class=\u0022image--figcaption\u0022\u003E\n          \u003Cdiv class=\u0022copyright\u0022\u003EFoto: Octopus Energy\u003C\/div\u003E\n          \u003C\/figcaption\u003E\n\u003C\/figure\u003E\n\n\n    \u003C\/div\u003E\n    \u003Cdiv class=\u0022teaser-content\u0022\u003E\n                    \u003Cdiv class=\u0022teaser-content--kicker\u0022\u003E\n                    \n        \u003C\/div\u003E\n                                              \n                        \n        \u003Ch4 class=\u0022teaser-content--headline\u0022\u003E\n                                Bidirektionales Laden und Smart Meter als \n                              \u003Cspan class=\u0022headline-last-word-arrow\u0022\u003EChance              \u003Cspan\n                  class=\u0022permission-lock permission-lock-icon--\u0022\u003E\u003C\/span\u003E\n                                  \u003C\/span\u003E\n        \u003C\/h4\u003E\n            \u003Cdiv class=\u0022teaser-content--publishing-date\u0022\u003E\u003Ctime datetime=\u00222026-03-06T11:04:11Z\u0022\u003E06.03.2026\u003C\/time\u003E\n\u003C\/div\u003E\u003Cspan class=\u0022teaser-content--publishing-date-divider\u0022\u003E - \u003C\/span\u003E\u003Cdiv class=\u0022teaser-content--body\u0022\u003E\u003Cp\u003EMit dem Ausbau Erneuerbarer w\u00e4chst der Bedarf an Ausgleich. Flexibel steuerbare Nachfrage, Speicher und Elektroautos r\u00fccken in den Fokus.\u003C\/p\u003E\n\u003C\/div\u003E\n                        \u003Cspan class=\u0022read-more-arrow-container\u0022\u003E\n            \u003Cspan class=\u0022read-more-angled-arrow\u0022\u003E \u003C\/span\u003E\n          \u003C\/span\u003E\n                  \u003C\/div\u003E\n    \u003C\/a\u003E\n\u003Ca href=\u0022\/transformation\/netze\/die-moeglichkeiten-der-flexibilisierung-werden-oft-noch-unterschaetzt\u0022  class=\u0022teaser teaser--standard\u0022 aria-label=\u0022\u201eDie M\u00f6glichkeiten der Flexibilisierung werden oft noch untersch\u00e4tzt \u201c\u0022\u003E\n      \u003Cdiv class=\u0022teaser-content--image\u0022\u003E\n        \u003Cfigure class=\u0022image--figure\u0022\u003E\n        \u003Cpicture\u003E\n                        \u003Csource srcset=\u0022\/sites\/default\/files\/styles\/teaser_standard__m\/public\/aurora\/2026\/02\/514489.jpeg.webp?itok=8vQO0WK_ 1x\u0022 media=\u0022(min-width: 48.0625em) and (max-width: 64em)\u0022 type=\u0022image\/webp\u0022 width=\u0022323\u0022 height=\u0022182\u0022\/\u003E\n                  \u003Csource srcset=\u0022\/sites\/default\/files\/styles\/teaser_standard__l\/public\/aurora\/2026\/02\/514489.jpeg.webp?itok=3MCZ_oFP 1x\u0022 media=\u0022(min-width: 64.0625em)\u0022 type=\u0022image\/webp\u0022 width=\u0022203\u0022 height=\u0022114\u0022\/\u003E\n                  \u003Csource srcset=\u0022\/sites\/default\/files\/styles\/teaser_standard__m\/public\/aurora\/2026\/02\/514489.jpeg?itok=0Lh1KOPx 1x\u0022 media=\u0022(min-width: 48.0625em) and (max-width: 64em)\u0022 type=\u0022image\/jpeg\u0022 width=\u0022323\u0022 height=\u0022182\u0022\/\u003E\n                  \u003Csource srcset=\u0022\/sites\/default\/files\/styles\/teaser_standard__l\/public\/aurora\/2026\/02\/514489.jpeg?itok=a97YrrQt 1x\u0022 media=\u0022(min-width: 64.0625em)\u0022 type=\u0022image\/jpeg\u0022 width=\u0022203\u0022 height=\u0022114\u0022\/\u003E\n                          \u003Cimg alt=\u0022Aur\u00e9lie Alemany, Vorstandsvorsitzende von Enercity, ein f\u00fchrender, in Hannover ans\u00e4ssiger Energieversorger und Dienstleister.\u00a0\u0022 loading=\u0022eager\u0022 data-caption-hide width=\u0022708\u0022 height=\u0022398\u0022 data-zoomed=\u0022https:\/\/www.erneuerbareenergien.de\/sites\/default\/files\/styles\/content__zoomed\/public\/aurora\/2026\/02\/514489.jpeg?itok=9LhRbr2X\u0022 src=\u0022\/sites\/default\/files\/styles\/teaser_standard__s\/public\/aurora\/2026\/02\/514489.jpeg?itok=C3n9hQKA\u0022 title=\u0022\u00a9 enercity\u0022 \/\u003E\n\n    \u003C\/picture\u003E\n      \u003Cfigcaption class=\u0022image--figcaption\u0022\u003E\n          \u003Cdiv class=\u0022copyright\u0022\u003Eenercity\u003C\/div\u003E\n          \u003C\/figcaption\u003E\n\u003C\/figure\u003E\n\n\n    \u003C\/div\u003E\n    \u003Cdiv class=\u0022teaser-content\u0022\u003E\n                    \u003Cdiv class=\u0022teaser-content--kicker\u0022\u003E\n                    \n        \u003C\/div\u003E\n                                              \n                        \n        \u003Ch4 class=\u0022teaser-content--headline\u0022\u003E\n                                \u201eDie M\u00f6glichkeiten der Flexibilisierung werden oft noch untersch\u00e4tzt \n                              \u003Cspan class=\u0022headline-last-word-arrow\u0022\u003E\u201c                      \u003C\/span\u003E\n        \u003C\/h4\u003E\n            \u003Cdiv class=\u0022teaser-content--publishing-date\u0022\u003E\u003Ctime datetime=\u00222026-02-15T10:55:05Z\u0022\u003E15.02.2026\u003C\/time\u003E\n\u003C\/div\u003E\u003Cspan class=\u0022teaser-content--publishing-date-divider\u0022\u003E - \u003C\/span\u003E\u003Cdiv class=\u0022teaser-content--body\u0022\u003E\u003Cp\u003EEnercity-Vorstandsvorsitzende Aur\u00e9lie Alemany \u00fcber die Kraftwerksstrategie der Bundesregierung, die Rolle von Flexibilit\u00e4t und warum der Smart-Meter-Rollout trotz aller H\u00fcrden unverzichtbar ist.\u003C\/p\u003E\n\u003C\/div\u003E\n                        \u003Cspan class=\u0022read-more-arrow-container\u0022\u003E\n            \u003Cspan class=\u0022read-more-angled-arrow\u0022\u003E \u003C\/span\u003E\n          \u003C\/span\u003E\n                  \u003C\/div\u003E\n    \u003C\/a\u003E\n\u003Ca href=\u0022\/transformation\/netze\/warum-deutschlands-smart-meter-rollout-nicht-gelingen-will\u0022  class=\u0022teaser teaser--standard\u0022 aria-label=\u0022Warum Deutschlands Smart-Meter-Rollout nicht gelingen will\u0022\u003E\n      \u003Cdiv class=\u0022teaser-content--image\u0022\u003E\n        \u003Cfigure class=\u0022image--figure\u0022\u003E\n        \u003Cpicture\u003E\n                        \u003Csource srcset=\u0022\/sites\/default\/files\/styles\/teaser_standard__m\/public\/aurora\/2026\/02\/514483.jpeg.webp?itok=K1tx0sNG 1x\u0022 media=\u0022(min-width: 48.0625em) and (max-width: 64em)\u0022 type=\u0022image\/webp\u0022 width=\u0022323\u0022 height=\u0022182\u0022\/\u003E\n                  \u003Csource srcset=\u0022\/sites\/default\/files\/styles\/teaser_standard__l\/public\/aurora\/2026\/02\/514483.jpeg.webp?itok=56QTLHzf 1x\u0022 media=\u0022(min-width: 64.0625em)\u0022 type=\u0022image\/webp\u0022 width=\u0022203\u0022 height=\u0022114\u0022\/\u003E\n                  \u003Csource srcset=\u0022\/sites\/default\/files\/styles\/teaser_standard__m\/public\/aurora\/2026\/02\/514483.jpeg?itok=8ETOa7iu 1x\u0022 media=\u0022(min-width: 48.0625em) and (max-width: 64em)\u0022 type=\u0022image\/jpeg\u0022 width=\u0022323\u0022 height=\u0022182\u0022\/\u003E\n                  \u003Csource srcset=\u0022\/sites\/default\/files\/styles\/teaser_standard__l\/public\/aurora\/2026\/02\/514483.jpeg?itok=0juh1JM0 1x\u0022 media=\u0022(min-width: 64.0625em)\u0022 type=\u0022image\/jpeg\u0022 width=\u0022203\u0022 height=\u0022114\u0022\/\u003E\n                          \u003Cimg alt=\u0022In Deutschland gestaltet sich der Smart Meter Rollout immer noch schwierig.\u00a0\u0022 loading=\u0022eager\u0022 data-caption-hide width=\u0022708\u0022 height=\u0022398\u0022 data-zoomed=\u0022https:\/\/www.erneuerbareenergien.de\/sites\/default\/files\/styles\/content__zoomed\/public\/aurora\/2026\/02\/514483.jpeg?itok=zfL65YFb\u0022 src=\u0022\/sites\/default\/files\/styles\/teaser_standard__s\/public\/aurora\/2026\/02\/514483.jpeg?itok=00CGqehy\u0022 title=\u0022\u00a9 Velka Boti\u010dka\u0022 \/\u003E\n\n    \u003C\/picture\u003E\n      \u003Cfigcaption class=\u0022image--figcaption\u0022\u003E\n          \u003Cdiv class=\u0022copyright\u0022\u003EVelka Boti\u010dka\u003C\/div\u003E\n          \u003C\/figcaption\u003E\n\u003C\/figure\u003E\n\n\n    \u003C\/div\u003E\n    \u003Cdiv class=\u0022teaser-content\u0022\u003E\n                    \u003Cdiv class=\u0022teaser-content--kicker\u0022\u003E\n                    \n        \u003C\/div\u003E\n                                              \n                        \n        \u003Ch4 class=\u0022teaser-content--headline\u0022\u003E\n                                Warum Deutschlands Smart-Meter-Rollout nicht gelingen \n                              \u003Cspan class=\u0022headline-last-word-arrow\u0022\u003Ewill                      \u003C\/span\u003E\n        \u003C\/h4\u003E\n            \u003Cdiv class=\u0022teaser-content--publishing-date\u0022\u003E\u003Ctime datetime=\u00222026-02-15T10:37:34Z\u0022\u003E15.02.2026\u003C\/time\u003E\n\u003C\/div\u003E\u003Cspan class=\u0022teaser-content--publishing-date-divider\u0022\u003E - \u003C\/span\u003E\u003Cdiv class=\u0022teaser-content--body\u0022\u003E\u003Cp\u003EEigentlich sollten intelligente Stromz\u00e4hler Verbrauchern Transparenz und neue Freiheiten bringen. Doch Zust\u00e4ndigkeiten, fehlende Anreize und ein falsch verstandenes \u201eSmart\u201c bremsen den Fortschritt bis heute. Interview mit Lars Waldmann, EW\u2011Con Energiewende Consult\u003C\/p\u003E\n\u003C\/div\u003E\n                        \u003Cspan class=\u0022read-more-arrow-container\u0022\u003E\n            \u003Cspan class=\u0022read-more-angled-arrow\u0022\u003E \u003C\/span\u003E\n          \u003C\/span\u003E\n                  \u003C\/div\u003E\n    \u003C\/a\u003E\n\u003Ca href=\u0022\/transformation\/netze\/netzanschluss-kuenftig-entscheidet-nicht-mehr-schnelligkeit\u0022  class=\u0022teaser teaser--standard\u0022 aria-label=\u0022Netzanschluss: K\u00fcnftig entscheidet nicht mehr Schnelligkeit\u0022\u003E\n      \u003Cdiv class=\u0022teaser-content--image\u0022\u003E\n        \u003Cfigure class=\u0022image--figure\u0022\u003E\n        \u003Cpicture\u003E\n                        \u003Csource srcset=\u0022\/sites\/default\/files\/styles\/teaser_standard__m\/public\/aurora\/2026\/02\/512638.jpeg.webp?itok=wqqQPJ6T 1x\u0022 media=\u0022(min-width: 48.0625em) and (max-width: 64em)\u0022 type=\u0022image\/webp\u0022 width=\u0022323\u0022 height=\u0022182\u0022\/\u003E\n                  \u003Csource srcset=\u0022\/sites\/default\/files\/styles\/teaser_standard__l\/public\/aurora\/2026\/02\/512638.jpeg.webp?itok=7fxAFd1k 1x\u0022 media=\u0022(min-width: 64.0625em)\u0022 type=\u0022image\/webp\u0022 width=\u0022203\u0022 height=\u0022114\u0022\/\u003E\n                  \u003Csource srcset=\u0022\/sites\/default\/files\/styles\/teaser_standard__m\/public\/aurora\/2026\/02\/512638.jpeg?itok=PIWAxhMN 1x\u0022 media=\u0022(min-width: 48.0625em) and (max-width: 64em)\u0022 type=\u0022image\/jpeg\u0022 width=\u0022323\u0022 height=\u0022182\u0022\/\u003E\n                  \u003Csource srcset=\u0022\/sites\/default\/files\/styles\/teaser_standard__l\/public\/aurora\/2026\/02\/512638.jpeg?itok=hShPfyth 1x\u0022 media=\u0022(min-width: 64.0625em)\u0022 type=\u0022image\/jpeg\u0022 width=\u0022203\u0022 height=\u0022114\u0022\/\u003E\n                          \u003Cimg loading=\u0022eager\u0022 data-caption-hide width=\u0022707\u0022 height=\u0022398\u0022 data-zoomed=\u0022https:\/\/www.erneuerbareenergien.de\/sites\/default\/files\/styles\/content__zoomed\/public\/aurora\/2026\/02\/512638.jpeg?itok=Av3T3oeJ\u0022 src=\u0022\/sites\/default\/files\/styles\/teaser_standard__s\/public\/aurora\/2026\/02\/512638.jpeg?itok=zrqVNAk7\u0022 title=\u0022Zwei Arbeiter in Schutzkleidung \u00fcberpr\u00fcfen an einem sonnigen Tag die Ausr\u00fcstung eines Umspannwerks im Freien. - \u00a9 50Hertz\u0022 \/\u003E\n\n    \u003C\/picture\u003E\n      \u003Cfigcaption class=\u0022image--figcaption\u0022\u003E\n          \u003Cdiv class=\u0022copyright\u0022\u003E50Hertz\u003C\/div\u003E\n          \u003C\/figcaption\u003E\n\u003C\/figure\u003E\n\n\n    \u003C\/div\u003E\n    \u003Cdiv class=\u0022teaser-content\u0022\u003E\n                    \u003Cdiv class=\u0022teaser-content--kicker\u0022\u003E\n                    \n        \u003C\/div\u003E\n                                              \n                        \n        \u003Ch4 class=\u0022teaser-content--headline\u0022\u003E\n                                Netzanschluss: K\u00fcnftig entscheidet nicht mehr \n                              \u003Cspan class=\u0022headline-last-word-arrow\u0022\u003ESchnelligkeit                      \u003C\/span\u003E\n        \u003C\/h4\u003E\n            \u003Cdiv class=\u0022teaser-content--publishing-date\u0022\u003E\u003Ctime datetime=\u00222026-02-10T06:00:04Z\u0022\u003E10.02.2026\u003C\/time\u003E\n\u003C\/div\u003E\u003Cspan class=\u0022teaser-content--publishing-date-divider\u0022\u003E - \u003C\/span\u003E\u003Cdiv class=\u0022teaser-content--body\u0022\u003E\u003Cp\u003EDie vier \u00dcbertragungsnetzbetreiber f\u00fchren zum 1. April ein \u201eReifegradverfahren\u201c ein. F\u00fcnf Kriterien sind dann f\u00fcr Gro\u00dfbatterien oder Elektrolyseure entscheidend.\u003C\/p\u003E\n\u003C\/div\u003E\n                        \u003Cspan class=\u0022read-more-arrow-container\u0022\u003E\n            \u003Cspan class=\u0022read-more-angled-arrow\u0022\u003E \u003C\/span\u003E\n          \u003C\/span\u003E\n                  \u003C\/div\u003E\n    \u003C\/a\u003E\n\u003Ca href=\u0022\/transformation\/netze\/33-milliarden-euro-deutschland-steigt-mit-251-prozent-bei-tennet-germany-ein\u0022  class=\u0022teaser teaser--standard\u0022 aria-label=\u00223,3\u202fMilliarden Euro: Deutschland steigt mit 25,1\u202fProzent bei Tennet Germany ein\u00a0\u0022\u003E\n      \u003Cdiv class=\u0022teaser-content--image\u0022\u003E\n        \u003Cfigure class=\u0022image--figure\u0022\u003E\n        \u003Cpicture\u003E\n                        \u003Csource srcset=\u0022\/sites\/default\/files\/styles\/teaser_standard__m\/public\/aurora\/2026\/02\/511543.jpeg.webp?itok=cNi_3RFq 1x\u0022 media=\u0022(min-width: 48.0625em) and (max-width: 64em)\u0022 type=\u0022image\/webp\u0022 width=\u0022323\u0022 height=\u0022182\u0022\/\u003E\n                  \u003Csource srcset=\u0022\/sites\/default\/files\/styles\/teaser_standard__l\/public\/aurora\/2026\/02\/511543.jpeg.webp?itok=En5asG0e 1x\u0022 media=\u0022(min-width: 64.0625em)\u0022 type=\u0022image\/webp\u0022 width=\u0022203\u0022 height=\u0022114\u0022\/\u003E\n                  \u003Csource srcset=\u0022\/sites\/default\/files\/styles\/teaser_standard__m\/public\/aurora\/2026\/02\/511543.jpeg?itok=KWYyMAXD 1x\u0022 media=\u0022(min-width: 48.0625em) and (max-width: 64em)\u0022 type=\u0022image\/jpeg\u0022 width=\u0022323\u0022 height=\u0022182\u0022\/\u003E\n                  \u003Csource srcset=\u0022\/sites\/default\/files\/styles\/teaser_standard__l\/public\/aurora\/2026\/02\/511543.jpeg?itok=7LITT69F 1x\u0022 media=\u0022(min-width: 64.0625em)\u0022 type=\u0022image\/jpeg\u0022 width=\u0022203\u0022 height=\u0022114\u0022\/\u003E\n                          \u003Cimg alt=\u0022HG\u00dc-Ultranet-Leitung von NRW nach Baw\u00fc im Abschnitt von Mannheim nach Philippsburg.\u0022 loading=\u0022eager\u0022 data-caption-hide width=\u0022708\u0022 height=\u0022398\u0022 data-zoomed=\u0022https:\/\/www.erneuerbareenergien.de\/sites\/default\/files\/styles\/content__zoomed\/public\/aurora\/2026\/02\/511543.jpeg?itok=lBqKB0WG\u0022 src=\u0022\/sites\/default\/files\/styles\/teaser_standard__s\/public\/aurora\/2026\/02\/511543.jpeg?itok=xLNc5iJ3\u0022 title=\u0022\u00a9 Transnet BW\u0022 \/\u003E\n\n    \u003C\/picture\u003E\n      \u003Cfigcaption class=\u0022image--figcaption\u0022\u003E\n          \u003Cdiv class=\u0022copyright\u0022\u003ETransnet BW\u003C\/div\u003E\n          \u003C\/figcaption\u003E\n\u003C\/figure\u003E\n\n\n    \u003C\/div\u003E\n    \u003Cdiv class=\u0022teaser-content\u0022\u003E\n                    \u003Cdiv class=\u0022teaser-content--kicker\u0022\u003E\n                    \n        \u003C\/div\u003E\n                                              \n                        \n        \u003Ch4 class=\u0022teaser-content--headline\u0022\u003E\n                                3,3\u202fMilliarden Euro: Deutschland steigt mit 25,1\u202fProzent bei Tennet Germany \n                              \u003Cspan class=\u0022headline-last-word-arrow\u0022\u003Eein\u00a0                      \u003C\/span\u003E\n        \u003C\/h4\u003E\n            \u003Cdiv class=\u0022teaser-content--publishing-date\u0022\u003E\u003Ctime datetime=\u00222026-02-03T17:53:47Z\u0022\u003E03.02.2026\u003C\/time\u003E\n\u003C\/div\u003E\u003Cspan class=\u0022teaser-content--publishing-date-divider\u0022\u003E - \u003C\/span\u003E\u003Cdiv class=\u0022teaser-content--body\u0022\u003E\u003Cp\u003EDie Investition st\u00e4rkt die finanzielle Position des Netzbetreibers als Eigent\u00fcmer strategischer Infrastruktur in Deutschland \/ \u00dcbertragungs- und Transportnetznetzbetreiber starten gemeinsame Marktabfrage \u00fcber Infrastrukturbedarfe f\u00fcr Strom und Wasserstoff\u003C\/p\u003E\n\u003C\/div\u003E\n                        \u003Cspan class=\u0022read-more-arrow-container\u0022\u003E\n            \u003Cspan class=\u0022read-more-angled-arrow\u0022\u003E \u003C\/span\u003E\n          \u003C\/span\u003E\n                  \u003C\/div\u003E\n    \u003C\/a\u003E\n\u003Ca href=\u0022\/transformation\/netze\/tagung-zukuenftige-netze-systemstabilitaet-und-versorgungssicherheit-sind-schluesselfaktoren\u0022  class=\u0022teaser teaser--standard\u0022 aria-label=\u0022Tagung Zuk\u00fcnftige Netze: Systemstabilit\u00e4t und Versorgungssicherheit sind Schl\u00fcsselfaktoren\u00a0\u0022\u003E\n      \u003Cdiv class=\u0022teaser-content--image\u0022\u003E\n        \u003Cfigure class=\u0022image--figure\u0022\u003E\n        \u003Cpicture\u003E\n                        \u003Csource srcset=\u0022\/sites\/default\/files\/styles\/teaser_standard__m\/public\/aurora\/2026\/01\/510082.jpeg.webp?itok=zDmr52K9 1x\u0022 media=\u0022(min-width: 48.0625em) and (max-width: 64em)\u0022 type=\u0022image\/webp\u0022 width=\u0022323\u0022 height=\u0022182\u0022\/\u003E\n                  \u003Csource srcset=\u0022\/sites\/default\/files\/styles\/teaser_standard__l\/public\/aurora\/2026\/01\/510082.jpeg.webp?itok=tvtOdynS 1x\u0022 media=\u0022(min-width: 64.0625em)\u0022 type=\u0022image\/webp\u0022 width=\u0022203\u0022 height=\u0022114\u0022\/\u003E\n                  \u003Csource srcset=\u0022\/sites\/default\/files\/styles\/teaser_standard__m\/public\/aurora\/2026\/01\/510082.jpeg?itok=pwRMrIth 1x\u0022 media=\u0022(min-width: 48.0625em) and (max-width: 64em)\u0022 type=\u0022image\/jpeg\u0022 width=\u0022323\u0022 height=\u0022182\u0022\/\u003E\n                  \u003Csource srcset=\u0022\/sites\/default\/files\/styles\/teaser_standard__l\/public\/aurora\/2026\/01\/510082.jpeg?itok=t_o47__b 1x\u0022 media=\u0022(min-width: 64.0625em)\u0022 type=\u0022image\/jpeg\u0022 width=\u0022203\u0022 height=\u0022114\u0022\/\u003E\n                          \u003Cimg loading=\u0022eager\u0022 data-caption-hide width=\u0022708\u0022 height=\u0022398\u0022 data-zoomed=\u0022https:\/\/www.erneuerbareenergien.de\/sites\/default\/files\/styles\/content__zoomed\/public\/aurora\/2026\/01\/510082.jpeg?itok=Z2DjzqlR\u0022 src=\u0022\/sites\/default\/files\/styles\/teaser_standard__s\/public\/aurora\/2026\/01\/510082.jpeg?itok=LGL4_CmL\u0022 title=\u0022Reihen von Solarmodulen und hohe Stromleitungen unter einem bew\u00f6lkten Himmel mit der untergehenden Sonne im Hintergrund. - \u00a9 lovelyday12 - stock.adobe.com\u0022 \/\u003E\n\n    \u003C\/picture\u003E\n      \u003Cfigcaption class=\u0022image--figcaption\u0022\u003E\n          \u003Cdiv class=\u0022copyright\u0022\u003Elovelyday12 - stock.adobe.com\u003C\/div\u003E\n          \u003C\/figcaption\u003E\n\u003C\/figure\u003E\n\n\n    \u003C\/div\u003E\n    \u003Cdiv class=\u0022teaser-content\u0022\u003E\n                    \u003Cdiv class=\u0022teaser-content--kicker\u0022\u003E\n                    \n        \u003C\/div\u003E\n                                              \n                        \n        \u003Ch4 class=\u0022teaser-content--headline\u0022\u003E\n                                Tagung Zuk\u00fcnftige Netze: Systemstabilit\u00e4t und Versorgungssicherheit sind \n                              \u003Cspan class=\u0022headline-last-word-arrow\u0022\u003ESchl\u00fcsselfaktoren\u00a0                      \u003C\/span\u003E\n        \u003C\/h4\u003E\n            \u003Cdiv class=\u0022teaser-content--publishing-date\u0022\u003E\u003Ctime datetime=\u00222026-01-28T12:43:47Z\u0022\u003E28.01.2026\u003C\/time\u003E\n\u003C\/div\u003E\u003Cspan class=\u0022teaser-content--publishing-date-divider\u0022\u003E - \u003C\/span\u003E\u003Cdiv class=\u0022teaser-content--body\u0022\u003E\u003Cp\u003EAuf der Tagung Zuk\u00fcnftige Netze betonte der BMWE-Staatssekret\u00e4r Wetzel besonders die Wichtigkeit der Systemsicherheit f\u00fcr das Stromnetz. Auch f\u00fcr die Branche sind die Fragen rund um Netzdienlichkeit und Flexibilit\u00e4t zentral.\u003C\/p\u003E\n\u003C\/div\u003E\n                        \u003Cspan class=\u0022read-more-arrow-container\u0022\u003E\n            \u003Cspan class=\u0022read-more-angled-arrow\u0022\u003E \u003C\/span\u003E\n          \u003C\/span\u003E\n                  \u003C\/div\u003E\n    \u003C\/a\u003E\n\u003Ca href=\u0022\/transformation\/netze\/kommentar-der-berliner-blackout-offenbart-gravierende-systemfehler\u0022  class=\u0022teaser teaser--standard\u0022 aria-label=\u0022Der Berliner Blackout offenbart gravierende Systemfehler\u0022\u003E\n      \u003Cdiv class=\u0022teaser-content--image\u0022\u003E\n        \u003Cfigure class=\u0022image--figure\u0022\u003E\n        \u003Cpicture\u003E\n                        \u003Csource srcset=\u0022\/sites\/default\/files\/styles\/teaser_standard__m\/public\/aurora\/2026\/01\/504271.jpeg.webp?itok=nLCTWxTO 1x\u0022 media=\u0022(min-width: 48.0625em) and (max-width: 64em)\u0022 type=\u0022image\/webp\u0022 width=\u0022323\u0022 height=\u0022182\u0022\/\u003E\n                  \u003Csource srcset=\u0022\/sites\/default\/files\/styles\/teaser_standard__l\/public\/aurora\/2026\/01\/504271.jpeg.webp?itok=N9jzJDDK 1x\u0022 media=\u0022(min-width: 64.0625em)\u0022 type=\u0022image\/webp\u0022 width=\u0022203\u0022 height=\u0022114\u0022\/\u003E\n                  \u003Csource srcset=\u0022\/sites\/default\/files\/styles\/teaser_standard__m\/public\/aurora\/2026\/01\/504271.jpeg?itok=dHef-ZcW 1x\u0022 media=\u0022(min-width: 48.0625em) and (max-width: 64em)\u0022 type=\u0022image\/jpeg\u0022 width=\u0022323\u0022 height=\u0022182\u0022\/\u003E\n                  \u003Csource srcset=\u0022\/sites\/default\/files\/styles\/teaser_standard__l\/public\/aurora\/2026\/01\/504271.jpeg?itok=cvT-Kr-f 1x\u0022 media=\u0022(min-width: 64.0625em)\u0022 type=\u0022image\/jpeg\u0022 width=\u0022203\u0022 height=\u0022114\u0022\/\u003E\n                          \u003Cimg alt=\u0022Stromausfall in Berlin \u2013 da n\u00fctzt auch der Blick auf den Sicherungskasten nichts.\u0022 loading=\u0022eager\u0022 data-caption-hide width=\u0022708\u0022 height=\u0022398\u0022 data-zoomed=\u0022https:\/\/www.erneuerbareenergien.de\/sites\/default\/files\/styles\/content__zoomed\/public\/aurora\/2026\/01\/504271.jpeg?itok=4aMKItNU\u0022 src=\u0022\/sites\/default\/files\/styles\/teaser_standard__s\/public\/aurora\/2026\/01\/504271.jpeg?itok=pQGLV5Wb\u0022 title=\u0022\u00a9 Mediteraneo \u2013 Stock.Adobe.com\u0022 \/\u003E\n\n    \u003C\/picture\u003E\n      \u003Cfigcaption class=\u0022image--figcaption\u0022\u003E\n          \u003Cdiv class=\u0022copyright\u0022\u003EMediteraneo \u2013 Stock.Adobe.com\u003C\/div\u003E\n          \u003C\/figcaption\u003E\n\u003C\/figure\u003E\n\n\n    \u003C\/div\u003E\n    \u003Cdiv class=\u0022teaser-content\u0022\u003E\n                    \u003Cdiv class=\u0022teaser-content--kicker\u0022\u003E\n                    Kommentar\n        \u003C\/div\u003E\n                                              \n                        \n        \u003Ch4 class=\u0022teaser-content--headline\u0022\u003E\n                                Der Berliner Blackout offenbart gravierende \n                              \u003Cspan class=\u0022headline-last-word-arrow\u0022\u003ESystemfehler                      \u003C\/span\u003E\n        \u003C\/h4\u003E\n            \u003Cdiv class=\u0022teaser-content--publishing-date\u0022\u003E\u003Ctime datetime=\u00222026-01-06T12:12:46Z\u0022\u003E06.01.2026\u003C\/time\u003E\n\u003C\/div\u003E\u003Cspan class=\u0022teaser-content--publishing-date-divider\u0022\u003E - \u003C\/span\u003E\u003Cdiv class=\u0022teaser-content--body\u0022\u003E\u003Cp\u003EBerlin friert, weil ein Anschlag gen\u00fcgte, um eine ganze Region lahmzulegen.\u003Cbr \/\u003E\nDieser Stromausfall ist der Beweis, dass unser Energiesystem gef\u00e4hrlich falsch gebaut ist.\u003C\/p\u003E\n\u003C\/div\u003E\n                        \u003Cspan class=\u0022read-more-arrow-container\u0022\u003E\n            \u003Cspan class=\u0022read-more-angled-arrow\u0022\u003E \u003C\/span\u003E\n          \u003C\/span\u003E\n                  \u003C\/div\u003E\n    \u003C\/a\u003E\n\u003Ca href=\u0022\/transformation\/netze\/2000-kilometer-genehmigt-bundesnetzagentur-zieht-positive-bilanz\u0022  class=\u0022teaser teaser--standard\u0022 aria-label=\u00222.000 Kilometer genehmigt: Bundesnetzagentur zieht positive Bilanz\u0022\u003E\n      \u003Cdiv class=\u0022teaser-content--image\u0022\u003E\n        \u003Cfigure class=\u0022image--figure\u0022\u003E\n        \u003Cpicture\u003E\n                        \u003Csource srcset=\u0022\/sites\/default\/files\/styles\/teaser_standard__m\/public\/aurora\/2026\/01\/504189.jpeg.webp?itok=q9BVoLAV 1x\u0022 media=\u0022(min-width: 48.0625em) and (max-width: 64em)\u0022 type=\u0022image\/webp\u0022 width=\u0022323\u0022 height=\u0022182\u0022\/\u003E\n                  \u003Csource srcset=\u0022\/sites\/default\/files\/styles\/teaser_standard__l\/public\/aurora\/2026\/01\/504189.jpeg.webp?itok=RS6skEKc 1x\u0022 media=\u0022(min-width: 64.0625em)\u0022 type=\u0022image\/webp\u0022 width=\u0022203\u0022 height=\u0022114\u0022\/\u003E\n                  \u003Csource srcset=\u0022\/sites\/default\/files\/styles\/teaser_standard__m\/public\/aurora\/2026\/01\/504189.jpeg?itok=oPxJRnqh 1x\u0022 media=\u0022(min-width: 48.0625em) and (max-width: 64em)\u0022 type=\u0022image\/jpeg\u0022 width=\u0022323\u0022 height=\u0022182\u0022\/\u003E\n                  \u003Csource srcset=\u0022\/sites\/default\/files\/styles\/teaser_standard__l\/public\/aurora\/2026\/01\/504189.jpeg?itok=0JOn7M-J 1x\u0022 media=\u0022(min-width: 64.0625em)\u0022 type=\u0022image\/jpeg\u0022 width=\u0022203\u0022 height=\u0022114\u0022\/\u003E\n                          \u003Cimg loading=\u0022eager\u0022 data-caption-hide width=\u0022708\u0022 height=\u0022398\u0022 data-zoomed=\u0022https:\/\/www.erneuerbareenergien.de\/sites\/default\/files\/styles\/content__zoomed\/public\/aurora\/2026\/01\/504189.jpeg?itok=PO__74oo\u0022 src=\u0022\/sites\/default\/files\/styles\/teaser_standard__s\/public\/aurora\/2026\/01\/504189.jpeg?itok=ST9vYEGC\u0022 title=\u0022Arbeiter mit Helmen bedienen einen Kran, um gro\u00dfe Kabeltrommeln in der N\u00e4he von Stromleitungen auf einer Wiese anzuheben. - \u00a9 50Hertz\u0022 \/\u003E\n\n    \u003C\/picture\u003E\n      \u003Cfigcaption class=\u0022image--figcaption\u0022\u003E\n          \u003Cdiv class=\u0022copyright\u0022\u003E50Hertz\u003C\/div\u003E\n          \u003C\/figcaption\u003E\n\u003C\/figure\u003E\n\n\n    \u003C\/div\u003E\n    \u003Cdiv class=\u0022teaser-content\u0022\u003E\n                    \u003Cdiv class=\u0022teaser-content--kicker\u0022\u003E\n                    \n        \u003C\/div\u003E\n                                              \n                        \n        \u003Ch4 class=\u0022teaser-content--headline\u0022\u003E\n                                2.000 Kilometer genehmigt: Bundesnetzagentur zieht positive \n                              \u003Cspan class=\u0022headline-last-word-arrow\u0022\u003EBilanz                      \u003C\/span\u003E\n        \u003C\/h4\u003E\n            \u003Cdiv class=\u0022teaser-content--publishing-date\u0022\u003E\u003Ctime datetime=\u00222026-01-06T07:00:06Z\u0022\u003E06.01.2026\u003C\/time\u003E\n\u003C\/div\u003E\u003Cspan class=\u0022teaser-content--publishing-date-divider\u0022\u003E - \u003C\/span\u003E\u003Cdiv class=\u0022teaser-content--body\u0022\u003E\u003Cp\u003EZweites Rekord-Jahr in Folge. Unter anderem wurden f\u00fcr vier wichtige H\u00f6chstspannungsleitungen alle Verfahren abgeschlossen. Die erste \u201eStromautobahn\u201c soll 2026 in Betrieb gehen.\u003C\/p\u003E\n\u003C\/div\u003E\n                        \u003Cspan class=\u0022read-more-arrow-container\u0022\u003E\n            \u003Cspan class=\u0022read-more-angled-arrow\u0022\u003E \u003C\/span\u003E\n          \u003C\/span\u003E\n                  \u003C\/div\u003E\n    \u003C\/a\u003E\n\u003Ca href=\u0022\/transformation\/netze\/thueringen-strom-aus-wind-und-solarparks-mit-23-gigawatt-wuerde-am-wenigsten-kosten\u0022  class=\u0022teaser teaser--standard\u0022 aria-label=\u0022Th\u00fcringen: Strom aus Wind- und Solarparks mit 23 Gigawatt w\u00fcrde am wenigsten kosten\u0022\u003E\n      \u003Cdiv class=\u0022teaser-content--image\u0022\u003E\n        \u003Cfigure class=\u0022image--figure\u0022\u003E\n        \u003Cpicture\u003E\n                        \u003Csource srcset=\u0022\/sites\/default\/files\/styles\/teaser_standard__m\/public\/aurora\/2026\/01\/504164.jpeg.webp?itok=3X0oHLLB 1x\u0022 media=\u0022(min-width: 48.0625em) and (max-width: 64em)\u0022 type=\u0022image\/webp\u0022 width=\u0022323\u0022 height=\u0022182\u0022\/\u003E\n                  \u003Csource srcset=\u0022\/sites\/default\/files\/styles\/teaser_standard__l\/public\/aurora\/2026\/01\/504164.jpeg.webp?itok=YMjQasNk 1x\u0022 media=\u0022(min-width: 64.0625em)\u0022 type=\u0022image\/webp\u0022 width=\u0022203\u0022 height=\u0022114\u0022\/\u003E\n                  \u003Csource srcset=\u0022\/sites\/default\/files\/styles\/teaser_standard__m\/public\/aurora\/2026\/01\/504164.jpeg?itok=Drgs3F-W 1x\u0022 media=\u0022(min-width: 48.0625em) and (max-width: 64em)\u0022 type=\u0022image\/jpeg\u0022 width=\u0022323\u0022 height=\u0022182\u0022\/\u003E\n                  \u003Csource srcset=\u0022\/sites\/default\/files\/styles\/teaser_standard__l\/public\/aurora\/2026\/01\/504164.jpeg?itok=pT718VNl 1x\u0022 media=\u0022(min-width: 64.0625em)\u0022 type=\u0022image\/jpeg\u0022 width=\u0022203\u0022 height=\u0022114\u0022\/\u003E\n                          \u003Cimg alt=\u0022Repowering-Projekt Windpark Coppanz in Th\u00fcringen, Er\u00f6ffnung\r\n2025\u0022 loading=\u0022eager\u0022 data-caption-hide width=\u0022707\u0022 height=\u0022398\u0022 data-zoomed=\u0022https:\/\/www.erneuerbareenergien.de\/sites\/default\/files\/styles\/content__zoomed\/public\/aurora\/2026\/01\/504164.jpeg?itok=KqE4FGxx\u0022 src=\u0022\/sites\/default\/files\/styles\/teaser_standard__s\/public\/aurora\/2026\/01\/504164.jpeg?itok=n-QRg0FF\u0022 title=\u0022\u00a9 RheinEnergie\u0022 \/\u003E\n\n    \u003C\/picture\u003E\n      \u003Cfigcaption class=\u0022image--figcaption\u0022\u003E\n          \u003Cdiv class=\u0022copyright\u0022\u003ERheinEnergie\u003C\/div\u003E\n          \u003C\/figcaption\u003E\n\u003C\/figure\u003E\n\n\n    \u003C\/div\u003E\n    \u003Cdiv class=\u0022teaser-content\u0022\u003E\n                    \u003Cdiv class=\u0022teaser-content--kicker\u0022\u003E\n                    \n        \u003C\/div\u003E\n                                              \n                        \n        \u003Ch4 class=\u0022teaser-content--headline\u0022\u003E\n                                Th\u00fcringen: Strom aus Wind- und Solarparks mit 23 Gigawatt w\u00fcrde am wenigsten \n                              \u003Cspan class=\u0022headline-last-word-arrow\u0022\u003Ekosten                      \u003C\/span\u003E\n        \u003C\/h4\u003E\n            \u003Cdiv class=\u0022teaser-content--publishing-date\u0022\u003E\u003Ctime datetime=\u00222026-01-02T15:01:08Z\u0022\u003E02.01.2026\u003C\/time\u003E\n\u003C\/div\u003E\u003Cspan class=\u0022teaser-content--publishing-date-divider\u0022\u003E - \u003C\/span\u003E\u003Cdiv class=\u0022teaser-content--body\u0022\u003E\u003Cp\u003EAm g\u00fcnstigsten w\u00e4re seine Energieversorgung, wenn das Bundesland 2,2 Prozent der Fl\u00e4che f\u00fcr Windkraft nutzt und 1,4-mal mehr Solarkraft betreibt.\u003C\/p\u003E\n\u003C\/div\u003E\n                        \u003Cspan class=\u0022read-more-arrow-container\u0022\u003E\n            \u003Cspan class=\u0022read-more-angled-arrow\u0022\u003E \u003C\/span\u003E\n          \u003C\/span\u003E\n                  \u003C\/div\u003E\n    \u003C\/a\u003E\n\u003Ca href=\u0022\/transformation\/netze\/wie-offene-standards-die-energiewende-beschleunigen\u0022  class=\u0022teaser teaser--standard\u0022 aria-label=\u0022Wie offene Standards die Energiewende beschleunigen\u0022\u003E\n      \u003Cdiv class=\u0022teaser-content--image\u0022\u003E\n        \u003Cfigure class=\u0022image--figure\u0022\u003E\n        \u003Cpicture\u003E\n                        \u003Csource srcset=\u0022\/sites\/default\/files\/styles\/teaser_standard__m\/public\/aurora\/2025\/12\/499202.jpeg.webp?itok=eyp7-iy7 1x\u0022 media=\u0022(min-width: 48.0625em) and (max-width: 64em)\u0022 type=\u0022image\/webp\u0022 width=\u0022323\u0022 height=\u0022189\u0022\/\u003E\n                  \u003Csource srcset=\u0022\/sites\/default\/files\/styles\/teaser_standard__l\/public\/aurora\/2025\/12\/499202.jpeg.webp?itok=myFISXL7 1x\u0022 media=\u0022(min-width: 64.0625em)\u0022 type=\u0022image\/webp\u0022 width=\u0022203\u0022 height=\u0022119\u0022\/\u003E\n                  \u003Csource srcset=\u0022\/sites\/default\/files\/styles\/teaser_standard__m\/public\/aurora\/2025\/12\/499202.jpeg?itok=_adasn8t 1x\u0022 media=\u0022(min-width: 48.0625em) and (max-width: 64em)\u0022 type=\u0022image\/jpeg\u0022 width=\u0022323\u0022 height=\u0022189\u0022\/\u003E\n                  \u003Csource srcset=\u0022\/sites\/default\/files\/styles\/teaser_standard__l\/public\/aurora\/2025\/12\/499202.jpeg?itok=C_d7KiI2 1x\u0022 media=\u0022(min-width: 64.0625em)\u0022 type=\u0022image\/jpeg\u0022 width=\u0022203\u0022 height=\u0022119\u0022\/\u003E\n                          \u003Cimg alt=\u0022Open ADR motiviert und informiert Verbraucher, wenn es zum Beispiel um niedrige oder negative Strompreise geht.\u0022 loading=\u0022eager\u0022 data-caption-hide width=\u0022680\u0022 height=\u0022398\u0022 data-zoomed=\u0022https:\/\/www.erneuerbareenergien.de\/sites\/default\/files\/styles\/content__zoomed\/public\/aurora\/2025\/12\/499202.jpeg?itok=4XgQkSBZ\u0022 src=\u0022\/sites\/default\/files\/styles\/teaser_standard__s\/public\/aurora\/2025\/12\/499202.jpeg?itok=X6t2fEfA\u0022 title=\u0022\u00a9 Foto: paisan1leo - stock.adobe.com\u0022 \/\u003E\n\n    \u003C\/picture\u003E\n      \u003Cfigcaption class=\u0022image--figcaption\u0022\u003E\n          \u003Cdiv class=\u0022copyright\u0022\u003EFoto: paisan1leo - stock.adobe.com\u003C\/div\u003E\n          \u003C\/figcaption\u003E\n\u003C\/figure\u003E\n\n\n    \u003C\/div\u003E\n    \u003Cdiv class=\u0022teaser-content\u0022\u003E\n                    \u003Cdiv class=\u0022teaser-content--kicker\u0022\u003E\n                    \n        \u003C\/div\u003E\n                                              \n                        \n        \u003Ch4 class=\u0022teaser-content--headline\u0022\u003E\n                                Wie offene Standards die Energiewende \n                              \u003Cspan class=\u0022headline-last-word-arrow\u0022\u003Ebeschleunigen              \u003Cspan\n                  class=\u0022permission-lock permission-lock-icon--\u0022\u003E\u003C\/span\u003E\n                                  \u003C\/span\u003E\n        \u003C\/h4\u003E\n            \u003Cdiv class=\u0022teaser-content--publishing-date\u0022\u003E\u003Ctime datetime=\u00222025-12-08T14:31:24Z\u0022\u003E08.12.2025\u003C\/time\u003E\n\u003C\/div\u003E\u003Cspan class=\u0022teaser-content--publishing-date-divider\u0022\u003E - \u003C\/span\u003E\u003Cdiv class=\u0022teaser-content--body\u0022\u003E\u003Cp\u003ERolf Bienert von der Open ADR Alliance \u00fcber smarte Kommunikation mit Verbrauchern \u2013 und Lehren aus kalifornischen Stromausf\u00e4llen.\u003C\/p\u003E\n\u003C\/div\u003E\n                        \u003Cspan class=\u0022read-more-arrow-container\u0022\u003E\n            \u003Cspan class=\u0022read-more-angled-arrow\u0022\u003E \u003C\/span\u003E\n          \u003C\/span\u003E\n                  \u003C\/div\u003E\n    \u003C\/a\u003E\n\u003Ca href=\u0022\/transformation\/netze\/mit-neuen-ideen-ans-netz\u0022  class=\u0022teaser teaser--standard\u0022 aria-label=\u0022Mit neuen Ideen ans Netz\u0022\u003E\n      \u003Cdiv class=\u0022teaser-content--image\u0022\u003E\n        \u003Cfigure class=\u0022image--figure\u0022\u003E\n        \u003Cpicture\u003E\n                        \u003Csource srcset=\u0022\/sites\/default\/files\/styles\/teaser_standard__m\/public\/aurora\/2025\/12\/498427.jpeg.webp?itok=fX_4-xv5 1x\u0022 media=\u0022(min-width: 48.0625em) and (max-width: 64em)\u0022 type=\u0022image\/webp\u0022 width=\u0022323\u0022 height=\u0022194\u0022\/\u003E\n                  \u003Csource srcset=\u0022\/sites\/default\/files\/styles\/teaser_standard__l\/public\/aurora\/2025\/12\/498427.jpeg.webp?itok=_74_JR8l 1x\u0022 media=\u0022(min-width: 64.0625em)\u0022 type=\u0022image\/webp\u0022 width=\u0022203\u0022 height=\u0022122\u0022\/\u003E\n                  \u003Csource srcset=\u0022\/sites\/default\/files\/styles\/teaser_standard__m\/public\/aurora\/2025\/12\/498427.jpeg?itok=VUK3ad8s 1x\u0022 media=\u0022(min-width: 48.0625em) and (max-width: 64em)\u0022 type=\u0022image\/jpeg\u0022 width=\u0022323\u0022 height=\u0022194\u0022\/\u003E\n                  \u003Csource srcset=\u0022\/sites\/default\/files\/styles\/teaser_standard__l\/public\/aurora\/2025\/12\/498427.jpeg?itok=G5npf7lZ 1x\u0022 media=\u0022(min-width: 64.0625em)\u0022 type=\u0022image\/jpeg\u0022 width=\u0022203\u0022 height=\u0022122\u0022\/\u003E\n                          \u003Cimg alt=\u0022Omexom-Umspannwerk am Standort in Uedem\u0022 loading=\u0022eager\u0022 data-caption-hide width=\u0022662\u0022 height=\u0022398\u0022 data-zoomed=\u0022https:\/\/www.erneuerbareenergien.de\/sites\/default\/files\/styles\/content__zoomed\/public\/aurora\/2025\/12\/498427.jpeg?itok=vEu3juji\u0022 src=\u0022\/sites\/default\/files\/styles\/teaser_standard__s\/public\/aurora\/2025\/12\/498427.jpeg?itok=m_hBOqyo\u0022 title=\u0022\u00a9 Foto: Omexom\u0022 \/\u003E\n\n    \u003C\/picture\u003E\n      \u003Cfigcaption class=\u0022image--figcaption\u0022\u003E\n          \u003Cdiv class=\u0022copyright\u0022\u003EFoto: Omexom\u003C\/div\u003E\n          \u003C\/figcaption\u003E\n\u003C\/figure\u003E\n\n\n    \u003C\/div\u003E\n    \u003Cdiv class=\u0022teaser-content\u0022\u003E\n                    \u003Cdiv class=\u0022teaser-content--kicker\u0022\u003E\n                    \n        \u003C\/div\u003E\n                                              \n                        \n        \u003Ch4 class=\u0022teaser-content--headline\u0022\u003E\n                                Mit neuen Ideen ans \n                              \u003Cspan class=\u0022headline-last-word-arrow\u0022\u003ENetz                      \u003C\/span\u003E\n        \u003C\/h4\u003E\n            \u003Cdiv class=\u0022teaser-content--publishing-date\u0022\u003E\u003Ctime datetime=\u00222025-12-08T14:31:24Z\u0022\u003E08.12.2025\u003C\/time\u003E\n\u003C\/div\u003E\u003Cspan class=\u0022teaser-content--publishing-date-divider\u0022\u003E - \u003C\/span\u003E\u003Cdiv class=\u0022teaser-content--body\u0022\u003E\u003Cp\u003EWie sich \ufeffdie Netzinfrastruktur als Nadel\u00f6hr der Energiewende f\u00fcr einen schnellen Netzzugang durch \u00dcberbauung und Neubau optimieren l\u00e4sst.\u003C\/p\u003E\n\u003C\/div\u003E\n                        \u003Cspan class=\u0022read-more-arrow-container\u0022\u003E\n            \u003Cspan class=\u0022read-more-angled-arrow\u0022\u003E \u003C\/span\u003E\n          \u003C\/span\u003E\n                  \u003C\/div\u003E\n    \u003C\/a\u003E\n\u003Ca href=\u0022\/transformation\/netze\/angespannt\u0022  class=\u0022teaser teaser--standard\u0022 aria-label=\u0022A\ufeffngespannt\u0022\u003E\n      \u003Cdiv class=\u0022teaser-content--image\u0022\u003E\n        \u003Cfigure class=\u0022image--figure\u0022\u003E\n        \u003Cpicture\u003E\n                        \u003Csource srcset=\u0022\/sites\/default\/files\/styles\/teaser_standard__m\/public\/aurora\/2025\/12\/499200.jpeg.webp?itok=Ytf7R4jv 1x\u0022 media=\u0022(min-width: 48.0625em) and (max-width: 64em)\u0022 type=\u0022image\/webp\u0022 width=\u0022323\u0022 height=\u0022170\u0022\/\u003E\n                  \u003Csource srcset=\u0022\/sites\/default\/files\/styles\/teaser_standard__l\/public\/aurora\/2025\/12\/499200.jpeg.webp?itok=9NsDiKuf 1x\u0022 media=\u0022(min-width: 64.0625em)\u0022 type=\u0022image\/webp\u0022 width=\u0022203\u0022 height=\u0022107\u0022\/\u003E\n                  \u003Csource srcset=\u0022\/sites\/default\/files\/styles\/teaser_standard__m\/public\/aurora\/2025\/12\/499200.jpeg?itok=33lWn77P 1x\u0022 media=\u0022(min-width: 48.0625em) and (max-width: 64em)\u0022 type=\u0022image\/jpeg\u0022 width=\u0022323\u0022 height=\u0022170\u0022\/\u003E\n                  \u003Csource srcset=\u0022\/sites\/default\/files\/styles\/teaser_standard__l\/public\/aurora\/2025\/12\/499200.jpeg?itok=5v4hrJY5 1x\u0022 media=\u0022(min-width: 64.0625em)\u0022 type=\u0022image\/jpeg\u0022 width=\u0022203\u0022 height=\u0022107\u0022\/\u003E\n                          \u003Cimg alt=\u0022BB Wind plant und realisiert ein Umspannwerk f\u00fcr den Netzzugang eigener erneuerbarer Energien.\u0022 loading=\u0022eager\u0022 data-caption-hide width=\u0022708\u0022 height=\u0022372\u0022 data-zoomed=\u0022https:\/\/www.erneuerbareenergien.de\/sites\/default\/files\/styles\/content__zoomed\/public\/aurora\/2025\/12\/499200.jpeg?itok=xRFpfCgM\u0022 src=\u0022\/sites\/default\/files\/styles\/teaser_standard__s\/public\/aurora\/2025\/12\/499200.jpeg?itok=YJzbVCKF\u0022 title=\u0022\u00a9 Foto: BBWind\u0022 \/\u003E\n\n    \u003C\/picture\u003E\n      \u003Cfigcaption class=\u0022image--figcaption\u0022\u003E\n          \u003Cdiv class=\u0022copyright\u0022\u003EFoto: BBWind\u003C\/div\u003E\n          \u003C\/figcaption\u003E\n\u003C\/figure\u003E\n\n\n    \u003C\/div\u003E\n    \u003Cdiv class=\u0022teaser-content\u0022\u003E\n                    \u003Cdiv class=\u0022teaser-content--kicker\u0022\u003E\n                    \n        \u003C\/div\u003E\n                                              \n                        \n        \u003Ch4 class=\u0022teaser-content--headline\u0022\u003E\n                                        \u003Cspan class=\u0022headline-last-word-arrow\u0022\u003EA\ufeffngespannt              \u003Cspan\n                  class=\u0022permission-lock permission-lock-icon--\u0022\u003E\u003C\/span\u003E\n                                  \u003C\/span\u003E\n        \u003C\/h4\u003E\n            \u003Cdiv class=\u0022teaser-content--publishing-date\u0022\u003E\u003Ctime datetime=\u00222025-12-08T14:31:23Z\u0022\u003E08.12.2025\u003C\/time\u003E\n\u003C\/div\u003E\u003Cspan class=\u0022teaser-content--publishing-date-divider\u0022\u003E - \u003C\/span\u003E\u003Cdiv class=\u0022teaser-content--body\u0022\u003E\u003Cp\u003EImmer mehr Windprojektierer m\u00fcssen Umspannwerke errichten, um ihren Strom einspeisen zu k\u00f6nnen. Die Kosten gehen in die Millionen.\u003C\/p\u003E\n\u003C\/div\u003E\n                        \u003Cspan class=\u0022read-more-arrow-container\u0022\u003E\n            \u003Cspan class=\u0022read-more-angled-arrow\u0022\u003E \u003C\/span\u003E\n          \u003C\/span\u003E\n                  \u003C\/div\u003E\n    \u003C\/a\u003E\n\u003Ca href=\u0022\/transformation\/netze\/die-achillesferse-der-energiewende\u0022  class=\u0022teaser teaser--standard\u0022 aria-label=\u0022D\ufeffie A\ufeffchillesferse\u00a0der Energiewende\u0022\u003E\n      \u003Cdiv class=\u0022teaser-content--image\u0022\u003E\n        \u003Cfigure class=\u0022image--figure\u0022\u003E\n        \u003Cpicture\u003E\n                        \u003Csource srcset=\u0022\/sites\/default\/files\/styles\/teaser_standard__m\/public\/aurora\/2025\/12\/499186.jpeg.webp?itok=rzObs88j 1x\u0022 media=\u0022(min-width: 48.0625em) and (max-width: 64em)\u0022 type=\u0022image\/webp\u0022 width=\u0022323\u0022 height=\u0022242\u0022\/\u003E\n                  \u003Csource srcset=\u0022\/sites\/default\/files\/styles\/teaser_standard__l\/public\/aurora\/2025\/12\/499186.jpeg.webp?itok=rkineFcM 1x\u0022 media=\u0022(min-width: 64.0625em)\u0022 type=\u0022image\/webp\u0022 width=\u0022203\u0022 height=\u0022152\u0022\/\u003E\n                  \u003Csource srcset=\u0022\/sites\/default\/files\/styles\/teaser_standard__m\/public\/aurora\/2025\/12\/499186.jpeg?itok=ZpU-he3Y 1x\u0022 media=\u0022(min-width: 48.0625em) and (max-width: 64em)\u0022 type=\u0022image\/jpeg\u0022 width=\u0022323\u0022 height=\u0022242\u0022\/\u003E\n                  \u003Csource srcset=\u0022\/sites\/default\/files\/styles\/teaser_standard__l\/public\/aurora\/2025\/12\/499186.jpeg?itok=Cur6gvQE 1x\u0022 media=\u0022(min-width: 64.0625em)\u0022 type=\u0022image\/jpeg\u0022 width=\u0022203\u0022 height=\u0022152\u0022\/\u003E\n                          \u003Cimg alt=\u0022Nur wer wei\u00df, dass der Netzbetreiber zur Anbindung verpflichtet ist, kann im Fall von Engp\u00e4ssen pragmatische L\u00f6sungen einfordern.\u0022 loading=\u0022eager\u0022 data-caption-hide width=\u0022531\u0022 height=\u0022398\u0022 data-zoomed=\u0022https:\/\/www.erneuerbareenergien.de\/sites\/default\/files\/styles\/content__zoomed\/public\/aurora\/2025\/12\/499186.jpeg?itok=ww2M9WHJ\u0022 src=\u0022\/sites\/default\/files\/styles\/teaser_standard__s\/public\/aurora\/2025\/12\/499186.jpeg?itok=zA5wirtg\u0022 title=\u0022\u00a9 Foto: SPIE\u0022 \/\u003E\n\n    \u003C\/picture\u003E\n      \u003Cfigcaption class=\u0022image--figcaption\u0022\u003E\n          \u003Cdiv class=\u0022copyright\u0022\u003EFoto: SPIE\u003C\/div\u003E\n          \u003C\/figcaption\u003E\n\u003C\/figure\u003E\n\n\n    \u003C\/div\u003E\n    \u003Cdiv class=\u0022teaser-content\u0022\u003E\n                    \u003Cdiv class=\u0022teaser-content--kicker\u0022\u003E\n                    \n        \u003C\/div\u003E\n                                              \n                        \n        \u003Ch4 class=\u0022teaser-content--headline\u0022\u003E\n                                D\ufeffie A\ufeffchillesferse\u00a0der \n                              \u003Cspan class=\u0022headline-last-word-arrow\u0022\u003EEnergiewende              \u003Cspan\n                  class=\u0022permission-lock permission-lock-icon--\u0022\u003E\u003C\/span\u003E\n                                  \u003C\/span\u003E\n        \u003C\/h4\u003E\n            \u003Cdiv class=\u0022teaser-content--publishing-date\u0022\u003E\u003Ctime datetime=\u00222025-12-08T14:31:21Z\u0022\u003E08.12.2025\u003C\/time\u003E\n\u003C\/div\u003E\u003Cspan class=\u0022teaser-content--publishing-date-divider\u0022\u003E - \u003C\/span\u003E\u003Cdiv class=\u0022teaser-content--body\u0022\u003E\u003Cp\u003E95\u202fProzent aller Erneuerbaren-Projekte warten auf Netzanschluss. Die Stiftung Umweltenergierecht r\u00e4t Planern, ihre Rechte besser zu nutzen.\u003C\/p\u003E\n\u003C\/div\u003E\n                        \u003Cspan class=\u0022read-more-arrow-container\u0022\u003E\n            \u003Cspan class=\u0022read-more-angled-arrow\u0022\u003E \u003C\/span\u003E\n          \u003C\/span\u003E\n                  \u003C\/div\u003E\n    \u003C\/a\u003E\n\u003Ca href=\u0022\/transformation\/netze\/komplettloesungen-fuer-energienetze\u0022  class=\u0022teaser teaser--standard\u0022 aria-label=\u0022Komplettl\u00f6sungen f\u00fcr Energienetze\u0022\u003E\n      \u003Cdiv class=\u0022teaser-content--image\u0022\u003E\n        \u003Cfigure class=\u0022image--figure\u0022\u003E\n        \u003Cpicture\u003E\n                        \u003Csource srcset=\u0022\/sites\/default\/files\/styles\/teaser_standard__m\/public\/aurora\/2025\/12\/498438.jpeg.webp?itok=_asWTKPz 1x\u0022 media=\u0022(min-width: 48.0625em) and (max-width: 64em)\u0022 type=\u0022image\/webp\u0022 width=\u0022323\u0022 height=\u0022184\u0022\/\u003E\n                  \u003Csource srcset=\u0022\/sites\/default\/files\/styles\/teaser_standard__l\/public\/aurora\/2025\/12\/498438.jpeg.webp?itok=3AWpPW_X 1x\u0022 media=\u0022(min-width: 64.0625em)\u0022 type=\u0022image\/webp\u0022 width=\u0022203\u0022 height=\u0022116\u0022\/\u003E\n                  \u003Csource srcset=\u0022\/sites\/default\/files\/styles\/teaser_standard__m\/public\/aurora\/2025\/12\/498438.jpeg?itok=mXMbWWw6 1x\u0022 media=\u0022(min-width: 48.0625em) and (max-width: 64em)\u0022 type=\u0022image\/jpeg\u0022 width=\u0022323\u0022 height=\u0022184\u0022\/\u003E\n                  \u003Csource srcset=\u0022\/sites\/default\/files\/styles\/teaser_standard__l\/public\/aurora\/2025\/12\/498438.jpeg?itok=ycCVDqZi 1x\u0022 media=\u0022(min-width: 64.0625em)\u0022 type=\u0022image\/jpeg\u0022 width=\u0022203\u0022 height=\u0022116\u0022\/\u003E\n                          \u003Cimg loading=\u0022eager\u0022 data-caption-hide width=\u0022699\u0022 height=\u0022398\u0022 data-zoomed=\u0022https:\/\/www.erneuerbareenergien.de\/sites\/default\/files\/styles\/content__zoomed\/public\/aurora\/2025\/12\/498438.jpeg?itok=oJujIFvi\u0022 src=\u0022\/sites\/default\/files\/styles\/teaser_standard__s\/public\/aurora\/2025\/12\/498438.jpeg?itok=-IM5KEp4\u0022 title=\u0022Arbeiter in SPIE-Weste und Schutzhelm telefoniert in einem Umspannwerk im Freien unter blauem Himmel. - \u00a9 Foto: SPIE\u0022 \/\u003E\n\n    \u003C\/picture\u003E\n      \u003Cfigcaption class=\u0022image--figcaption\u0022\u003E\n          \u003Cdiv class=\u0022copyright\u0022\u003EFoto: SPIE\u003C\/div\u003E\n          \u003C\/figcaption\u003E\n\u003C\/figure\u003E\n\n\n    \u003C\/div\u003E\n    \u003Cdiv class=\u0022teaser-content\u0022\u003E\n                    \u003Cdiv class=\u0022teaser-content--kicker\u0022\u003E\n                      \u003Cdiv class=\u0022teaser-content--advertisement\u0022\u003EAnzeige\u003C\/div\u003E\n                    \n        \u003C\/div\u003E\n                                              \n                        \n        \u003Ch4 class=\u0022teaser-content--headline\u0022\u003E\n                                Komplettl\u00f6sungen f\u00fcr \n                              \u003Cspan class=\u0022headline-last-word-arrow\u0022\u003EEnergienetze                      \u003C\/span\u003E\n        \u003C\/h4\u003E\n            \u003Cdiv class=\u0022teaser-content--publishing-date\u0022\u003E\u003Ctime datetime=\u00222025-12-08T14:31:20Z\u0022\u003E08.12.2025\u003C\/time\u003E\n\u003C\/div\u003E\u003Cspan class=\u0022teaser-content--publishing-date-divider\u0022\u003E - \u003C\/span\u003E\u003Cdiv class=\u0022teaser-content--body\u0022\u003E\u003Cp\u003EHannes Weinreich \u00fcber die Rolle von SPIE beim Ausbau der Netzinfrastruktur f\u00fcr erneuerbare Energien, neue Speicherl\u00f6sungen und ganzheitliche Servicekonzepte.\u003C\/p\u003E\n\u003C\/div\u003E\n                        \u003Cspan class=\u0022read-more-arrow-container\u0022\u003E\n            \u003Cspan class=\u0022read-more-angled-arrow\u0022\u003E \u003C\/span\u003E\n          \u003C\/span\u003E\n                  \u003C\/div\u003E\n    \u003C\/a\u003E\n\u003Ca href=\u0022\/transformation\/netze\/beschleunigte-prozesse-durch-standardisierung\u0022  class=\u0022teaser teaser--standard\u0022 aria-label=\u0022Beschleunigte Prozesse durch Standardisierung\u0022\u003E\n      \u003Cdiv class=\u0022teaser-content--image\u0022\u003E\n      \n    \u003C\/div\u003E\n    \u003Cdiv class=\u0022teaser-content\u0022\u003E\n                    \u003Cdiv class=\u0022teaser-content--kicker\u0022\u003E\n                      \u003Cdiv class=\u0022teaser-content--advertisement\u0022\u003EAnzeige\u003C\/div\u003E\n                    \n        \u003C\/div\u003E\n                                              \n                        \n        \u003Ch4 class=\u0022teaser-content--headline\u0022\u003E\n                                Beschleunigte Prozesse durch \n                              \u003Cspan class=\u0022headline-last-word-arrow\u0022\u003EStandardisierung                      \u003C\/span\u003E\n        \u003C\/h4\u003E\n            \u003Cdiv class=\u0022teaser-content--publishing-date\u0022\u003E\u003Ctime datetime=\u00222025-12-08T14:31:17Z\u0022\u003E08.12.2025\u003C\/time\u003E\n\u003C\/div\u003E\u003Cspan class=\u0022teaser-content--publishing-date-divider\u0022\u003E - \u003C\/span\u003E\u003Cdiv class=\u0022teaser-content--body\u0022\u003E  \u003Cp\u003EWas genau umfasst Ihr Angebot f\u00fcr Wind-, Solar- und Bioenergieprojektierer?\u003Cbr\u003E\n\u003C\/p\u003E\n\u003Cp\u003EUdo Macht: Wir bieten Planern aus den Bereichen Photovoltaik, Wind, Speicher und Wasserkraft sogenannte Kundenumspannwerke. Das hei\u00dft, wir begleiten unsere Kunden von der Suche nach einem geeigneten Verlauf der Kabeltrasse...\u003C\/p\u003E\n\n\n\u003C\/div\u003E\n                        \u003Cspan class=\u0022read-more-arrow-container\u0022\u003E\n            \u003Cspan class=\u0022read-more-angled-arrow\u0022\u003E \u003C\/span\u003E\n          \u003C\/span\u003E\n                  \u003C\/div\u003E\n    \u003C\/a\u003E\n\u003Ca href=\u0022\/transformation\/netze\/omexom-liefert-planern-eine-verlaessliche-komplettloesung\u0022  class=\u0022teaser teaser--standard\u0022 aria-label=\u0022Omexom liefert Planern eine verl\u00e4ssliche Komplettl\u00f6sung\u0022\u003E\n      \u003Cdiv class=\u0022teaser-content--image\u0022\u003E\n      \n    \u003C\/div\u003E\n    \u003Cdiv class=\u0022teaser-content\u0022\u003E\n                    \u003Cdiv class=\u0022teaser-content--kicker\u0022\u003E\n                      \u003Cdiv class=\u0022teaser-content--advertisement\u0022\u003EAnzeige\u003C\/div\u003E\n                    \n        \u003C\/div\u003E\n                                              \n                        \n        \u003Ch4 class=\u0022teaser-content--headline\u0022\u003E\n                                Omexom liefert Planern eine verl\u00e4ssliche \n                              \u003Cspan class=\u0022headline-last-word-arrow\u0022\u003EKomplettl\u00f6sung                      \u003C\/span\u003E\n        \u003C\/h4\u003E\n            \u003Cdiv class=\u0022teaser-content--publishing-date\u0022\u003E\u003Ctime datetime=\u00222025-12-08T14:31:16Z\u0022\u003E08.12.2025\u003C\/time\u003E\n\u003C\/div\u003E\u003Cspan class=\u0022teaser-content--publishing-date-divider\u0022\u003E - \u003C\/span\u003E\u003Cdiv class=\u0022teaser-content--body\u0022\u003E  \u003Cp\u003EWelche Dienstleistungen bieten Sie Planern von Umspannwerken an? \u003Cbr\u003E\n\u003C\/p\u003E\n\u003Cp\u003EFrank Hofst\u00e4tter: In Deutschland ist Omexom mit 4.500 Mitarbeiter:innen f\u00fcr Netzbetreiber, kommunale Versorger, Stadtwerke, Handel, Industrie, konventionelle und erneuerbare Energieerzeuger t\u00e4tig. Als erfahrener Systemanbieter deckt...\u003C\/p\u003E\n\n\n\u003C\/div\u003E\n                        \u003Cspan class=\u0022read-more-arrow-container\u0022\u003E\n            \u003Cspan class=\u0022read-more-angled-arrow\u0022\u003E \u003C\/span\u003E\n          \u003C\/span\u003E\n                  \u003C\/div\u003E\n    \u003C\/a\u003E\n","entity_type":"node","used_ids":["",256431,255501,255499,255497,254420,254418,254129,253876,253320,252464,252382,252368,251425,251415,251424,251422,251420,251419,251417],"show_more":"\u003Cdiv class=\u0022del-show-more\u0022\u003E\u003Ca href=\u0022\/ajax\/del\/bf67fd11-709d-447a-bea3-51cf355fb81d\/paragraph\/20\/19\/asc\/eyJub2RlIjp7ImlkIjoiMTg1MDM4IiwidHlwZSI6InBhZ2UifX0%3D\u0022 title=\u0022Mehr Elemente anzeigen\u0022 class=\u0022del-show-more-link use-ajax\u0022 rel=\u0022nofollow\u0022 data-target-type=\u0022node\u0022 aria-controls=\u0022del--paragraph-649532--content\u0022 aria-label=\u0022Mehr Elemente anzeigen\u0022\u003EMehr anzeigen\u003C\/a\u003E\u003C\/div\u003E\n"}]