[{"command":"showMoreTeasers","id":"del--paragraph-649380","content":"\u003Ca href=\u0022\/technologie\/logistik\/1500-verschraubungen-4-tagen-wie-kluge-montage-gruene-energie-beschleunigt\u0022  class=\u0022teaser teaser--standard\u0022 aria-label=\u00221.500 Verschraubungen in 4 Tagen: Wie kluge Montage gr\u00fcne Energie beschleunigt\u0022\u003E\n      \u003Cdiv class=\u0022teaser-content--image\u0022\u003E\n        \u003Cfigure class=\u0022image--figure\u0022\u003E\n        \u003Cpicture\u003E\n                        \u003Csource srcset=\u0022\/sites\/default\/files\/styles\/teaser_standard__m\/public\/aurora\/2025\/11\/494547.jpeg.webp?itok=vBM6o02B 1x\u0022 media=\u0022(min-width: 48.0625em) and (max-width: 64em)\u0022 type=\u0022image\/webp\u0022 width=\u0022323\u0022 height=\u0022182\u0022\/\u003E\n                  \u003Csource srcset=\u0022\/sites\/default\/files\/styles\/teaser_standard__l\/public\/aurora\/2025\/11\/494547.jpeg.webp?itok=ovvancZC 1x\u0022 media=\u0022(min-width: 64.0625em)\u0022 type=\u0022image\/webp\u0022 width=\u0022203\u0022 height=\u0022114\u0022\/\u003E\n                  \u003Csource srcset=\u0022\/sites\/default\/files\/styles\/teaser_standard__m\/public\/aurora\/2025\/11\/494547.jpeg?itok=VTFQSCrA 1x\u0022 media=\u0022(min-width: 48.0625em) and (max-width: 64em)\u0022 type=\u0022image\/jpeg\u0022 width=\u0022323\u0022 height=\u0022182\u0022\/\u003E\n                  \u003Csource srcset=\u0022\/sites\/default\/files\/styles\/teaser_standard__l\/public\/aurora\/2025\/11\/494547.jpeg?itok=bLo9RtcO 1x\u0022 media=\u0022(min-width: 64.0625em)\u0022 type=\u0022image\/jpeg\u0022 width=\u0022203\u0022 height=\u0022114\u0022\/\u003E\n                          \u003Cimg alt=\u0022Den Eggersmann-Standort im ostwestf\u00e4lischen Nieheim gibt es seit 1998. Hier wird mittels diskontinuierlicher Fermentation Biogas aus Biogut gewonnen. Aktuell wird die Kompostanlage zu einem Energiewerk umgebaut und optimiert.\u0022 loading=\u0022eager\u0022 data-caption-hide width=\u0022708\u0022 height=\u0022398\u0022 data-zoomed=\u0022https:\/\/www.erneuerbareenergien.de\/sites\/default\/files\/styles\/content__zoomed\/public\/aurora\/2025\/11\/494547.jpeg?itok=vwLlPUuF\u0022 src=\u0022\/sites\/default\/files\/styles\/teaser_standard__s\/public\/aurora\/2025\/11\/494547.jpeg?itok=gwh82KCq\u0022 title=\u0022Luftaufnahme einer gro\u00dfen landwirtschaftlichen Anlage mit begr\u00fcnten D\u00e4chern und zwei gro\u00dfen runden Tanks inmitten von Feldern. - \u00a9 HYTORC\u0022 \/\u003E\n\n    \u003C\/picture\u003E\n      \u003Cfigcaption class=\u0022image--figcaption\u0022\u003E\n          \u003Cdiv class=\u0022copyright\u0022\u003EHYTORC\u003C\/div\u003E\n          \u003C\/figcaption\u003E\n\u003C\/figure\u003E\n\n\n    \u003C\/div\u003E\n    \u003Cdiv class=\u0022teaser-content\u0022\u003E\n                    \u003Cdiv class=\u0022teaser-content--kicker\u0022\u003E\n                    \n        \u003C\/div\u003E\n                                              \n                        \n        \u003Ch4 class=\u0022teaser-content--headline\u0022\u003E\n                                1.500 Verschraubungen in 4 Tagen: Wie kluge Montage gr\u00fcne Energie \n                              \u003Cspan class=\u0022headline-last-word-arrow\u0022\u003Ebeschleunigt                      \u003C\/span\u003E\n        \u003C\/h4\u003E\n            \u003Cdiv class=\u0022teaser-content--publishing-date\u0022\u003E\u003Ctime datetime=\u00222025-11-17T12:56:31Z\u0022\u003E17.11.2025\u003C\/time\u003E\n\u003C\/div\u003E\u003Cspan class=\u0022teaser-content--publishing-date-divider\u0022\u003E - \u003C\/span\u003E\u003Cdiv class=\u0022teaser-content--body\u0022\u003E\u003Cp\u003EIn Nieheim entsteht ein Leuchtturmprojekt der Biogasnutzung: eine Anlage, die 20 Jahre kontinuierlich Energie liefert \u2013 ohne Wartung an den kritischen Verschraubungen. Das Projekt zeigt, wie pr\u00e4zise Planung und innovative Montagetechnik die Effizienz und Sicherheit regenerativer Anlagen entscheidend erh\u00f6hen.\u003C\/p\u003E\n\u003C\/div\u003E\n                        \u003Cspan class=\u0022read-more-arrow-container\u0022\u003E\n            \u003Cspan class=\u0022read-more-angled-arrow\u0022\u003E \u003C\/span\u003E\n          \u003C\/span\u003E\n                  \u003C\/div\u003E\n    \u003C\/a\u003E\n\u003Ca href=\u0022\/technologie\/logistik\/enercon-schippert-windturbinenturm-100-kilometer-tief-ins-binnenland\u0022  class=\u0022teaser teaser--standard\u0022 aria-label=\u0022Enercon schippert Windturbinenturm 100 Kilometer tief ins Binnenland\u0022\u003E\n      \u003Cdiv class=\u0022teaser-content--image\u0022\u003E\n        \u003Cfigure class=\u0022image--figure\u0022\u003E\n        \u003Cpicture\u003E\n                        \u003Csource srcset=\u0022\/sites\/default\/files\/styles\/teaser_standard__m\/public\/aurora\/2025\/11\/493897.jpeg.webp?itok=IciGFo4z 1x\u0022 media=\u0022(min-width: 48.0625em) and (max-width: 64em)\u0022 type=\u0022image\/webp\u0022 width=\u0022323\u0022 height=\u0022181\u0022\/\u003E\n                  \u003Csource srcset=\u0022\/sites\/default\/files\/styles\/teaser_standard__l\/public\/aurora\/2025\/11\/493897.jpeg.webp?itok=nvQTexCU 1x\u0022 media=\u0022(min-width: 64.0625em)\u0022 type=\u0022image\/webp\u0022 width=\u0022203\u0022 height=\u0022114\u0022\/\u003E\n                  \u003Csource srcset=\u0022\/sites\/default\/files\/styles\/teaser_standard__m\/public\/aurora\/2025\/11\/493897.jpeg?itok=si7S2gB9 1x\u0022 media=\u0022(min-width: 48.0625em) and (max-width: 64em)\u0022 type=\u0022image\/jpeg\u0022 width=\u0022323\u0022 height=\u0022181\u0022\/\u003E\n                  \u003Csource srcset=\u0022\/sites\/default\/files\/styles\/teaser_standard__l\/public\/aurora\/2025\/11\/493897.jpeg?itok=xoe_mMWu 1x\u0022 media=\u0022(min-width: 64.0625em)\u0022 type=\u0022image\/jpeg\u0022 width=\u0022203\u0022 height=\u0022114\u0022\/\u003E\n                          \u003Cimg alt=\u0022Verladung von Turmteilen f\u00fcr Enercon auf und vom Schubleichter Rhenus Berlin I ei der Jungfernfahrt des Binnanland-Spezial-Schiffes, das auch zwei E-175-Rotorbl\u00e4tter transportieren kann.\u0022 loading=\u0022eager\u0022 data-caption-hide width=\u0022708\u0022 height=\u0022397\u0022 data-zoomed=\u0022https:\/\/www.erneuerbareenergien.de\/sites\/default\/files\/styles\/content__zoomed\/public\/aurora\/2025\/11\/493897.jpeg?itok=1m2n2TKj\u0022 src=\u0022\/sites\/default\/files\/styles\/teaser_standard__s\/public\/aurora\/2025\/11\/493897.jpeg?itok=fB4mjFgB\u0022 title=\u0022\u00a9 ENERCON\u0022 \/\u003E\n\n    \u003C\/picture\u003E\n      \u003Cfigcaption class=\u0022image--figcaption\u0022\u003E\n          \u003Cdiv class=\u0022copyright\u0022\u003EENERCON\u003C\/div\u003E\n          \u003C\/figcaption\u003E\n\u003C\/figure\u003E\n\n\n    \u003C\/div\u003E\n    \u003Cdiv class=\u0022teaser-content\u0022\u003E\n                    \u003Cdiv class=\u0022teaser-content--kicker\u0022\u003E\n                    \n        \u003C\/div\u003E\n                                              \n                        \n        \u003Ch4 class=\u0022teaser-content--headline\u0022\u003E\n                                Enercon schippert Windturbinenturm 100 Kilometer tief ins \n                              \u003Cspan class=\u0022headline-last-word-arrow\u0022\u003EBinnenland                      \u003C\/span\u003E\n        \u003C\/h4\u003E\n            \u003Cdiv class=\u0022teaser-content--publishing-date\u0022\u003E\u003Ctime datetime=\u00222025-11-13T03:56:03Z\u0022\u003E13.11.2025\u003C\/time\u003E\n\u003C\/div\u003E\u003Cspan class=\u0022teaser-content--publishing-date-divider\u0022\u003E - \u003C\/span\u003E\u003Cdiv class=\u0022teaser-content--body\u0022\u003E\u003Cp\u003EDie von Logistikexperten geplanten Windkraftkomponententransporte \u00fcber Fl\u00fcsse und Kan\u00e4le kommen voran. Binnenschiff fuhr Turmteile ins Baugebiet.\u003C\/p\u003E\n\u003C\/div\u003E\n                        \u003Cspan class=\u0022read-more-arrow-container\u0022\u003E\n            \u003Cspan class=\u0022read-more-angled-arrow\u0022\u003E \u003C\/span\u003E\n          \u003C\/span\u003E\n                  \u003C\/div\u003E\n    \u003C\/a\u003E\n\u003Ca href=\u0022\/technologie\/logistik\/secondsol-uebernimmt-die-auftragsabwicklung-von-homenergy\u0022  class=\u0022teaser teaser--standard\u0022 aria-label=\u0022Secondsol \u00fcbernimmt die Auftragsabwicklung von Homenergy\u0022\u003E\n      \u003Cdiv class=\u0022teaser-content--image\u0022\u003E\n        \u003Cfigure class=\u0022image--figure\u0022\u003E\n        \u003Cpicture\u003E\n                        \u003Csource srcset=\u0022\/sites\/default\/files\/styles\/teaser_standard__m\/public\/aurora\/2024\/11\/403195.jpeg.webp?itok=C9pYlDcH 1x\u0022 media=\u0022(min-width: 48.0625em) and (max-width: 64em)\u0022 type=\u0022image\/webp\u0022 width=\u0022323\u0022 height=\u0022182\u0022\/\u003E\n                  \u003Csource srcset=\u0022\/sites\/default\/files\/styles\/teaser_standard__l\/public\/aurora\/2024\/11\/403195.jpeg.webp?itok=I55RWpJX 1x\u0022 media=\u0022(min-width: 64.0625em)\u0022 type=\u0022image\/webp\u0022 width=\u0022203\u0022 height=\u0022114\u0022\/\u003E\n                  \u003Csource srcset=\u0022\/sites\/default\/files\/styles\/teaser_standard__m\/public\/aurora\/2024\/11\/403195.jpeg?itok=YGQlN1ek 1x\u0022 media=\u0022(min-width: 48.0625em) and (max-width: 64em)\u0022 type=\u0022image\/jpeg\u0022 width=\u0022323\u0022 height=\u0022182\u0022\/\u003E\n                  \u003Csource srcset=\u0022\/sites\/default\/files\/styles\/teaser_standard__l\/public\/aurora\/2024\/11\/403195.jpeg?itok=ZBGqzzKn 1x\u0022 media=\u0022(min-width: 64.0625em)\u0022 type=\u0022image\/jpeg\u0022 width=\u0022203\u0022 height=\u0022114\u0022\/\u003E\n                          \u003Cimg alt=\u0022In Meiningen betreibt Secondsol ein Lager mit einer Fl\u00e4che von 8.000 Quadratmetern.\u0022 loading=\u0022eager\u0022 data-caption-hide width=\u0022708\u0022 height=\u0022398\u0022 data-zoomed=\u0022https:\/\/www.erneuerbareenergien.de\/sites\/default\/files\/styles\/content__zoomed\/public\/aurora\/2024\/11\/403195.jpeg?itok=jKjE9ENo\u0022 src=\u0022\/sites\/default\/files\/styles\/teaser_standard__s\/public\/aurora\/2024\/11\/403195.jpeg?itok=FXkXTih8\u0022 title=\u0022\u00a9 Secondsol\u0022 \/\u003E\n\n    \u003C\/picture\u003E\n      \u003Cfigcaption class=\u0022image--figcaption\u0022\u003E\n          \u003Cdiv class=\u0022copyright\u0022\u003ESecondsol\u003C\/div\u003E\n          \u003C\/figcaption\u003E\n\u003C\/figure\u003E\n\n\n    \u003C\/div\u003E\n    \u003Cdiv class=\u0022teaser-content\u0022\u003E\n                    \u003Cdiv class=\u0022teaser-content--kicker\u0022\u003E\n                    \n        \u003C\/div\u003E\n                                              \n                        \n        \u003Ch4 class=\u0022teaser-content--headline\u0022\u003E\n                                Secondsol \u00fcbernimmt die Auftragsabwicklung von \n                              \u003Cspan class=\u0022headline-last-word-arrow\u0022\u003EHomenergy                      \u003C\/span\u003E\n        \u003C\/h4\u003E\n            \u003Cdiv class=\u0022teaser-content--publishing-date\u0022\u003E\u003Ctime datetime=\u00222024-11-06T13:30:03Z\u0022\u003E06.11.2024\u003C\/time\u003E\n\u003C\/div\u003E\u003Cspan class=\u0022teaser-content--publishing-date-divider\u0022\u003E - \u003C\/span\u003E\u003Cdiv class=\u0022teaser-content--body\u0022\u003E\u003Cp\u003ESecondsol lagert die Komponenten, die Homenergy sp\u00e4ter in Energiesystemen verbaut, in seinem Logistikzentrum in Meiningen ein und versendet sie nach Bestellungseingang. Dabei kann das Unternehmen auf moderne Technologien zur\u00fcckgreifen, um Auftr\u00e4ge schnell abzuwickeln.\u003C\/p\u003E\n\u003C\/div\u003E\n                        \u003Cspan class=\u0022read-more-arrow-container\u0022\u003E\n            \u003Cspan class=\u0022read-more-angled-arrow\u0022\u003E \u003C\/span\u003E\n          \u003C\/span\u003E\n                  \u003C\/div\u003E\n    \u003C\/a\u003E\n\u003Ca href=\u0022\/technologie\/logistik\/mitwachsende-und-kletternde-kraene\u0022  class=\u0022teaser teaser--standard\u0022 aria-label=\u0022Mitwachsende und kletternde Kr\u00e4ne\u00a0\u0022\u003E\n      \u003Cdiv class=\u0022teaser-content--image\u0022\u003E\n        \u003Cfigure class=\u0022image--figure\u0022\u003E\n        \u003Cpicture\u003E\n                        \u003Csource srcset=\u0022\/sites\/default\/files\/styles\/teaser_standard__m\/public\/aurora\/2024\/09\/391658.jpeg.webp?itok=_CKfXjJP 1x\u0022 media=\u0022(min-width: 48.0625em) and (max-width: 64em)\u0022 type=\u0022image\/webp\u0022 width=\u0022323\u0022 height=\u0022221\u0022\/\u003E\n                  \u003Csource srcset=\u0022\/sites\/default\/files\/styles\/teaser_standard__l\/public\/aurora\/2024\/09\/391658.jpeg.webp?itok=Duoi3FsW 1x\u0022 media=\u0022(min-width: 64.0625em)\u0022 type=\u0022image\/webp\u0022 width=\u0022203\u0022 height=\u0022139\u0022\/\u003E\n                  \u003Csource srcset=\u0022\/sites\/default\/files\/styles\/teaser_standard__m\/public\/aurora\/2024\/09\/391658.jpeg?itok=TiUiRr-Z 1x\u0022 media=\u0022(min-width: 48.0625em) and (max-width: 64em)\u0022 type=\u0022image\/jpeg\u0022 width=\u0022323\u0022 height=\u0022221\u0022\/\u003E\n                  \u003Csource srcset=\u0022\/sites\/default\/files\/styles\/teaser_standard__l\/public\/aurora\/2024\/09\/391658.jpeg?itok=X1Al9D5j 1x\u0022 media=\u0022(min-width: 64.0625em)\u0022 type=\u0022image\/jpeg\u0022 width=\u0022203\u0022 height=\u0022139\u0022\/\u003E\n                          \u003Cimg alt=\u0022Der Windspider-Kran ist auch an Land geeignet und ben\u00f6tigt nur das Turbinenfundament als Stellplatz.\u0022 loading=\u0022eager\u0022 data-caption-hide width=\u0022580\u0022 height=\u0022398\u0022 data-zoomed=\u0022https:\/\/www.erneuerbareenergien.de\/sites\/default\/files\/styles\/content__zoomed\/public\/aurora\/2024\/09\/391658.jpeg?itok=S5GuVXmc\u0022 src=\u0022\/sites\/default\/files\/styles\/teaser_standard__s\/public\/aurora\/2024\/09\/391658.jpeg?itok=LaXHhCTL\u0022 title=\u0022\u00a9 WindSpider\u0022 \/\u003E\n\n    \u003C\/picture\u003E\n      \u003Cfigcaption class=\u0022image--figcaption\u0022\u003E\n          \u003Cdiv class=\u0022copyright\u0022\u003EWindSpider\u003C\/div\u003E\n          \u003C\/figcaption\u003E\n\u003C\/figure\u003E\n\n\n    \u003C\/div\u003E\n    \u003Cdiv class=\u0022teaser-content\u0022\u003E\n                    \u003Cdiv class=\u0022teaser-content--kicker\u0022\u003E\n                    \n        \u003C\/div\u003E\n                                              \n                        \n        \u003Ch4 class=\u0022teaser-content--headline\u0022\u003E\n                                Mitwachsende und kletternde \n                              \u003Cspan class=\u0022headline-last-word-arrow\u0022\u003EKr\u00e4ne\u00a0                      \u003C\/span\u003E\n        \u003C\/h4\u003E\n            \u003Cdiv class=\u0022teaser-content--publishing-date\u0022\u003E\u003Ctime datetime=\u00222024-09-17T09:05:54Z\u0022\u003E17.09.2024\u003C\/time\u003E\n\u003C\/div\u003E\u003Cspan class=\u0022teaser-content--publishing-date-divider\u0022\u003E - \u003C\/span\u003E\u003Cdiv class=\u0022teaser-content--body\u0022\u003E\u003Cp\u003EEine Fortentwicklung des norwegischen Unternehmens Windspider l\u00e4sst vielleicht bald Montagen auch noch der l\u00e4ngsten Rotorbl\u00e4tter fast bei jedem Wind zu. Und sie soll in Meereswindparks den Einsatz immer leistungsst\u00e4rkerer Kranschiffe er\u00fcbrigen.\u003C\/p\u003E\n\u003C\/div\u003E\n                        \u003Cspan class=\u0022read-more-arrow-container\u0022\u003E\n            \u003Cspan class=\u0022read-more-angled-arrow\u0022\u003E \u003C\/span\u003E\n          \u003C\/span\u003E\n                  \u003C\/div\u003E\n    \u003C\/a\u003E\n\u003Ca href=\u0022\/technologie\/logistik\/nrw-stabsstelle-soll-druck-fuer-transportgenehmigung-zum-windparkbau-erzeugen\u0022  class=\u0022teaser teaser--standard\u0022 aria-label=\u0022NRW-Stabsstelle soll Druck f\u00fcr Transportgenehmigung zum Windparkbau erzeugen\u0022\u003E\n      \u003Cdiv class=\u0022teaser-content--image\u0022\u003E\n        \u003Cfigure class=\u0022image--figure\u0022\u003E\n        \u003Cpicture\u003E\n                        \u003Csource srcset=\u0022\/sites\/default\/files\/styles\/teaser_standard__m\/public\/aurora\/2024\/08\/385380.jpeg.webp?itok=a0H5Vt_z 1x\u0022 media=\u0022(min-width: 48.0625em) and (max-width: 64em)\u0022 type=\u0022image\/webp\u0022 width=\u0022323\u0022 height=\u0022242\u0022\/\u003E\n                  \u003Csource srcset=\u0022\/sites\/default\/files\/styles\/teaser_standard__l\/public\/aurora\/2024\/08\/385380.jpeg.webp?itok=mkX8B6sV 1x\u0022 media=\u0022(min-width: 64.0625em)\u0022 type=\u0022image\/webp\u0022 width=\u0022203\u0022 height=\u0022152\u0022\/\u003E\n                  \u003Csource srcset=\u0022\/sites\/default\/files\/styles\/teaser_standard__m\/public\/aurora\/2024\/08\/385380.jpeg?itok=P28lW2uI 1x\u0022 media=\u0022(min-width: 48.0625em) and (max-width: 64em)\u0022 type=\u0022image\/jpeg\u0022 width=\u0022323\u0022 height=\u0022242\u0022\/\u003E\n                  \u003Csource srcset=\u0022\/sites\/default\/files\/styles\/teaser_standard__l\/public\/aurora\/2024\/08\/385380.jpeg?itok=WXa9C2SH 1x\u0022 media=\u0022(min-width: 64.0625em)\u0022 type=\u0022image\/jpeg\u0022 width=\u0022203\u0022 height=\u0022152\u0022\/\u003E\n                          \u003Cimg alt=\u0022Symbolbild, Juli 2023, Blatttransport f\u00fcr GE-windpark Milow, Bei dem Rotorblatt, welches auf dem Bladelifter montiert ist, handelt es sich um ein Teilst\u00fcck mit einer L\u00e4nge von 65 m. Die Blattspitze mit 12 m L\u00e4nge wird separat angeliefert und auf der Baustelle mit dem Hauptteil verbunden. Daraus ergibt sich eine Gesamtl\u00e4nge von 77 Meter. Drei Windturbinen von GE 5.5-158 ersetzten hier zw\u00f6lf Altanlagen.\u0022 loading=\u0022eager\u0022 data-caption-hide width=\u0022531\u0022 height=\u0022398\u0022 data-zoomed=\u0022https:\/\/www.erneuerbareenergien.de\/sites\/default\/files\/styles\/content__zoomed\/public\/aurora\/2024\/08\/385380.jpeg?itok=6nTUY1Qd\u0022 src=\u0022\/sites\/default\/files\/styles\/teaser_standard__s\/public\/aurora\/2024\/08\/385380.jpeg?itok=TnmcbVvB\u0022 title=\u0022\u00a9 Fritz Gampe - Denker \u0026amp; Wulf\u0022 \/\u003E\n\n    \u003C\/picture\u003E\n      \u003Cfigcaption class=\u0022image--figcaption\u0022\u003E\n          \u003Cdiv class=\u0022copyright\u0022\u003EFritz Gampe - Denker \u0026 Wulf\u003C\/div\u003E\n          \u003C\/figcaption\u003E\n\u003C\/figure\u003E\n\n\n    \u003C\/div\u003E\n    \u003Cdiv class=\u0022teaser-content\u0022\u003E\n                    \u003Cdiv class=\u0022teaser-content--kicker\u0022\u003E\n                    \n        \u003C\/div\u003E\n                                              \n                        \n        \u003Ch4 class=\u0022teaser-content--headline\u0022\u003E\n                                NRW-Stabsstelle soll Druck f\u00fcr Transportgenehmigung zum Windparkbau \n                              \u003Cspan class=\u0022headline-last-word-arrow\u0022\u003Eerzeugen                      \u003C\/span\u003E\n        \u003C\/h4\u003E\n            \u003Cdiv class=\u0022teaser-content--publishing-date\u0022\u003E\u003Ctime datetime=\u00222024-08-22T14:27:05Z\u0022\u003E22.08.2024\u003C\/time\u003E\n\u003C\/div\u003E\u003Cspan class=\u0022teaser-content--publishing-date-divider\u0022\u003E - \u003C\/span\u003E\u003Cdiv class=\u0022teaser-content--body\u0022\u003E\u003Cp\u003EVerkehrsministerium in D\u00fcsseldorf l\u00e4sst im landeseigenen Stra\u00dfenbaubetrieb nun Windpark-Schwer- und Sondertransporte immer fr\u00fchzeitig mitplanen.\u003C\/p\u003E\n\u003C\/div\u003E\n                        \u003Cspan class=\u0022read-more-arrow-container\u0022\u003E\n            \u003Cspan class=\u0022read-more-angled-arrow\u0022\u003E \u003C\/span\u003E\n          \u003C\/span\u003E\n                  \u003C\/div\u003E\n    \u003C\/a\u003E\n\u003Ca href=\u0022\/technologie\/logistik\/puenktlicher-offshore-windparkzubau-2024-entscheidet-ob-es-so-bleibt\u0022  class=\u0022teaser teaser--standard\u0022 aria-label=\u0022P\u00fcnktlicher Offshore-Windparkzubau: 2024 entscheidet, ob es so bleibt\u0022\u003E\n      \u003Cdiv class=\u0022teaser-content--image\u0022\u003E\n        \u003Cfigure class=\u0022image--figure\u0022\u003E\n        \u003Cpicture\u003E\n                        \u003Csource srcset=\u0022\/sites\/default\/files\/styles\/teaser_standard__m\/public\/aurora\/2024\/02\/339499.jpeg.webp?itok=gRHkdH3C 1x\u0022 media=\u0022(min-width: 48.0625em) and (max-width: 64em)\u0022 type=\u0022image\/webp\u0022 width=\u0022323\u0022 height=\u0022215\u0022\/\u003E\n                  \u003Csource srcset=\u0022\/sites\/default\/files\/styles\/teaser_standard__l\/public\/aurora\/2024\/02\/339499.jpeg.webp?itok=ppvNumFP 1x\u0022 media=\u0022(min-width: 64.0625em)\u0022 type=\u0022image\/webp\u0022 width=\u0022203\u0022 height=\u0022135\u0022\/\u003E\n                  \u003Csource srcset=\u0022\/sites\/default\/files\/styles\/teaser_standard__m\/public\/aurora\/2024\/02\/339499.jpeg?itok=idF6pyjN 1x\u0022 media=\u0022(min-width: 48.0625em) and (max-width: 64em)\u0022 type=\u0022image\/jpeg\u0022 width=\u0022323\u0022 height=\u0022215\u0022\/\u003E\n                  \u003Csource srcset=\u0022\/sites\/default\/files\/styles\/teaser_standard__l\/public\/aurora\/2024\/02\/339499.jpeg?itok=4WpIAueK 1x\u0022 media=\u0022(min-width: 64.0625em)\u0022 type=\u0022image\/jpeg\u0022 width=\u0022203\u0022 height=\u0022135\u0022\/\u003E\n                          \u003Cimg alt=\u0022 Feierliche \u0026quot;Einweihung\u0026quot; von Arcadis Ost 1, zur Inbetriebnahmne des 257-Megawatt-Windparks in der Ostsee vor R\u00fcgen\u0022 loading=\u0022eager\u0022 data-caption-hide width=\u0022597\u0022 height=\u0022398\u0022 data-zoomed=\u0022https:\/\/www.erneuerbareenergien.de\/sites\/default\/files\/styles\/content__zoomed\/public\/aurora\/2024\/02\/339499.jpeg?itok=KBa7pLhF\u0022 src=\u0022\/sites\/default\/files\/styles\/teaser_standard__s\/public\/aurora\/2024\/02\/339499.jpeg?itok=_9vKvLnM\u0022 title=\u0022\u00a9 Parkwind\n\u0022 \/\u003E\n\n    \u003C\/picture\u003E\n      \u003Cfigcaption class=\u0022image--figcaption\u0022\u003E\n          \u003Cdiv class=\u0022copyright\u0022\u003EParkwind\n\u003C\/div\u003E\n          \u003C\/figcaption\u003E\n\u003C\/figure\u003E\n\n\n    \u003C\/div\u003E\n    \u003Cdiv class=\u0022teaser-content\u0022\u003E\n                    \u003Cdiv class=\u0022teaser-content--kicker\u0022\u003E\n                    \n        \u003C\/div\u003E\n                                              \n                        \n        \u003Ch4 class=\u0022teaser-content--headline\u0022\u003E\n                                P\u00fcnktlicher Offshore-Windparkzubau: 2024 entscheidet, ob es so \n                              \u003Cspan class=\u0022headline-last-word-arrow\u0022\u003Ebleibt                      \u003C\/span\u003E\n        \u003C\/h4\u003E\n            \u003Cdiv class=\u0022teaser-content--publishing-date\u0022\u003E\u003Ctime datetime=\u00222024-02-01T13:43:19Z\u0022\u003E01.02.2024\u003C\/time\u003E\n\u003C\/div\u003E\u003Cspan class=\u0022teaser-content--publishing-date-divider\u0022\u003E - \u003C\/span\u003E\u003Cdiv class=\u0022teaser-content--body\u0022\u003E\u003Cp\u003EDie deutsche Meereswindkraft legte 2023 mit Arcadis Ost um 257 Megawatt zu. Der geplante Bauboom ab 2028 verlangt aber sofortige Weichenstellungen.\u003C\/p\u003E\n\u003C\/div\u003E\n                        \u003Cspan class=\u0022read-more-arrow-container\u0022\u003E\n            \u003Cspan class=\u0022read-more-angled-arrow\u0022\u003E \u003C\/span\u003E\n          \u003C\/span\u003E\n                  \u003C\/div\u003E\n    \u003C\/a\u003E\n\u003Ca href=\u0022\/technologie\/logistik\/nordsee-ausreichende-offshore-windparkplanung-bis-2030-aber-logistische-probleme\u0022  class=\u0022teaser teaser--standard\u0022 aria-label=\u0022Nordsee: Ausreichende Offshore-Windparkplanung bis 2030, aber logistische Probleme\u0022\u003E\n      \u003Cdiv class=\u0022teaser-content--image\u0022\u003E\n        \u003Cfigure class=\u0022image--figure\u0022\u003E\n        \u003Cpicture\u003E\n                        \u003Csource srcset=\u0022\/sites\/default\/files\/styles\/teaser_standard__m\/public\/aurora\/2023\/11\/324825.jpeg.webp?itok=vD7_SCCb 1x\u0022 media=\u0022(min-width: 48.0625em) and (max-width: 64em)\u0022 type=\u0022image\/webp\u0022 width=\u0022323\u0022 height=\u0022242\u0022\/\u003E\n                  \u003Csource srcset=\u0022\/sites\/default\/files\/styles\/teaser_standard__l\/public\/aurora\/2023\/11\/324825.jpeg.webp?itok=euAyrsvM 1x\u0022 media=\u0022(min-width: 64.0625em)\u0022 type=\u0022image\/webp\u0022 width=\u0022203\u0022 height=\u0022152\u0022\/\u003E\n                  \u003Csource srcset=\u0022\/sites\/default\/files\/styles\/teaser_standard__m\/public\/aurora\/2023\/11\/324825.jpeg?itok=OtzYZ81Q 1x\u0022 media=\u0022(min-width: 48.0625em) and (max-width: 64em)\u0022 type=\u0022image\/jpeg\u0022 width=\u0022323\u0022 height=\u0022242\u0022\/\u003E\n                  \u003Csource srcset=\u0022\/sites\/default\/files\/styles\/teaser_standard__l\/public\/aurora\/2023\/11\/324825.jpeg?itok=6_XGavAY 1x\u0022 media=\u0022(min-width: 64.0625em)\u0022 type=\u0022image\/jpeg\u0022 width=\u0022203\u0022 height=\u0022152\u0022\/\u003E\n                          \u003Cimg alt=\u0022Deutscher Nordseewindpark Nordsee Ost\u0022 loading=\u0022eager\u0022 data-caption-hide width=\u0022531\u0022 height=\u0022398\u0022 data-zoomed=\u0022https:\/\/www.erneuerbareenergien.de\/sites\/default\/files\/styles\/content__zoomed\/public\/aurora\/2023\/11\/324825.jpeg?itok=ka8SzTWr\u0022 src=\u0022\/sites\/default\/files\/styles\/teaser_standard__s\/public\/aurora\/2023\/11\/324825.jpeg?itok=emonvo6X\u0022 title=\u0022\u00a9 RWE\n\u0022 \/\u003E\n\n    \u003C\/picture\u003E\n      \u003Cfigcaption class=\u0022image--figcaption\u0022\u003E\n          \u003Cdiv class=\u0022copyright\u0022\u003ERWE\n\u003C\/div\u003E\n          \u003C\/figcaption\u003E\n\u003C\/figure\u003E\n\n\n    \u003C\/div\u003E\n    \u003Cdiv class=\u0022teaser-content\u0022\u003E\n                    \u003Cdiv class=\u0022teaser-content--kicker\u0022\u003E\n                    \n        \u003C\/div\u003E\n                                              \n                        \n        \u003Ch4 class=\u0022teaser-content--headline\u0022\u003E\n                                Nordsee: Ausreichende Offshore-Windparkplanung bis 2030, aber logistische \n                              \u003Cspan class=\u0022headline-last-word-arrow\u0022\u003EProbleme                      \u003C\/span\u003E\n        \u003C\/h4\u003E\n            \u003Cdiv class=\u0022teaser-content--publishing-date\u0022\u003E\u003Ctime datetime=\u00222023-11-23T13:00:28Z\u0022\u003E23.11.2023\u003C\/time\u003E\n\u003C\/div\u003E\u003Cspan class=\u0022teaser-content--publishing-date-divider\u0022\u003E - \u003C\/span\u003E\u003Cdiv class=\u0022teaser-content--body\u0022\u003E\u003Cp\u003EDie Plattform zur Nutzung der Erneuerbaren-Chancen der Region, NSEC, legt den Meereswindkraft-Fahrplan bis 2030 vor und sieht gro\u00dfe Hafenengp\u00e4sse.\u003C\/p\u003E\n\u003C\/div\u003E\n                        \u003Cspan class=\u0022read-more-arrow-container\u0022\u003E\n            \u003Cspan class=\u0022read-more-angled-arrow\u0022\u003E \u003C\/span\u003E\n          \u003C\/span\u003E\n                  \u003C\/div\u003E\n    \u003C\/a\u003E\n\u003Ca href=\u0022\/technologie\/logistik\/schluss-mit-der-ewigen-suche-nach-ersatzteilen\u0022  class=\u0022teaser teaser--standard\u0022 aria-label=\u0022Schluss mit der ewigen Suche nach Ersatzteilen\u0022\u003E\n      \u003Cdiv class=\u0022teaser-content--image\u0022\u003E\n        \u003Cfigure class=\u0022image--figure\u0022\u003E\n        \u003Cpicture\u003E\n                        \u003Csource srcset=\u0022\/sites\/default\/files\/styles\/teaser_standard__m\/public\/aurora\/2023\/09\/308956.png.webp?itok=LhNAGJR0 1x\u0022 media=\u0022(min-width: 48.0625em) and (max-width: 64em)\u0022 type=\u0022image\/webp\u0022 width=\u0022323\u0022 height=\u0022215\u0022\/\u003E\n                  \u003Csource srcset=\u0022\/sites\/default\/files\/styles\/teaser_standard__l\/public\/aurora\/2023\/09\/308956.png.webp?itok=Mnb_QJwl 1x\u0022 media=\u0022(min-width: 64.0625em)\u0022 type=\u0022image\/webp\u0022 width=\u0022203\u0022 height=\u0022135\u0022\/\u003E\n                  \u003Csource srcset=\u0022\/sites\/default\/files\/styles\/teaser_standard__m\/public\/aurora\/2023\/09\/308956.png?itok=g8GsmoTu 1x\u0022 media=\u0022(min-width: 48.0625em) and (max-width: 64em)\u0022 type=\u0022image\/png\u0022 width=\u0022323\u0022 height=\u0022215\u0022\/\u003E\n                  \u003Csource srcset=\u0022\/sites\/default\/files\/styles\/teaser_standard__l\/public\/aurora\/2023\/09\/308956.png?itok=QPi_5fn5 1x\u0022 media=\u0022(min-width: 64.0625em)\u0022 type=\u0022image\/png\u0022 width=\u0022203\u0022 height=\u0022135\u0022\/\u003E\n                          \u003Cimg alt=\u0022Der Ersatzteilmarkt f\u00fcr Windkraftanlagen ist zum Teil problematisch. Unter anderem m\u00fcssen Bestellvorg\u00e4nge verschlankt werden.\u0022 loading=\u0022eager\u0022 data-caption-hide width=\u0022597\u0022 height=\u0022398\u0022 data-zoomed=\u0022https:\/\/www.erneuerbareenergien.de\/sites\/default\/files\/styles\/content__zoomed\/public\/aurora\/2023\/09\/308956.png?itok=iihEvhRx\u0022 src=\u0022\/sites\/default\/files\/styles\/teaser_standard__s\/public\/aurora\/2023\/09\/308956.png?itok=lfDjuXWI\u0022 title=\u0022\u00a9 Covento\n\u0022 \/\u003E\n\n    \u003C\/picture\u003E\n      \u003Cfigcaption class=\u0022image--figcaption\u0022\u003E\n          \u003Cdiv class=\u0022copyright\u0022\u003ECovento\n\u003C\/div\u003E\n          \u003C\/figcaption\u003E\n\u003C\/figure\u003E\n\n\n    \u003C\/div\u003E\n    \u003Cdiv class=\u0022teaser-content\u0022\u003E\n                    \u003Cdiv class=\u0022teaser-content--kicker\u0022\u003E\n                    \n        \u003C\/div\u003E\n                                              \n                        \n        \u003Ch4 class=\u0022teaser-content--headline\u0022\u003E\n                                Schluss mit der ewigen Suche nach \n                              \u003Cspan class=\u0022headline-last-word-arrow\u0022\u003EErsatzteilen                      \u003C\/span\u003E\n        \u003C\/h4\u003E\n            \u003Cdiv class=\u0022teaser-content--publishing-date\u0022\u003E\u003Ctime datetime=\u00222023-09-15T08:18:02Z\u0022\u003E15.09.2023\u003C\/time\u003E\n\u003C\/div\u003E\u003Cspan class=\u0022teaser-content--publishing-date-divider\u0022\u003E - \u003C\/span\u003E\u003Cdiv class=\u0022teaser-content--body\u0022\u003E\u003Cp\u003EOptimierung des Ersatzteilmarktes f\u00fcr erneuerbare Energien:\u0026nbsp;Covento hat f\u00fcnf Schl\u00fcsselprobleme seiner Kunden identifiziert, die es zu l\u00f6sen galt.\u003C\/p\u003E\n\u003C\/div\u003E\n                        \u003Cspan class=\u0022read-more-arrow-container\u0022\u003E\n            \u003Cspan class=\u0022read-more-angled-arrow\u0022\u003E \u003C\/span\u003E\n          \u003C\/span\u003E\n                  \u003C\/div\u003E\n    \u003C\/a\u003E\n\u003Ca href=\u0022\/technologie\/logistik\/logistik-konzept-leistet-beitrag-zur-energiewende\u0022  class=\u0022teaser teaser--standard\u0022 aria-label=\u0022Logistik-Konzept leistet Beitrag zur Energiewende\u0022\u003E\n      \u003Cdiv class=\u0022teaser-content--image\u0022\u003E\n        \u003Cfigure class=\u0022image--figure\u0022\u003E\n        \u003Cpicture\u003E\n                        \u003Csource srcset=\u0022\/sites\/default\/files\/styles\/teaser_standard__m\/public\/aurora\/2023\/08\/300070.jpeg.webp?itok=sXIp1jgd 1x\u0022 media=\u0022(min-width: 48.0625em) and (max-width: 64em)\u0022 type=\u0022image\/webp\u0022 width=\u0022323\u0022 height=\u0022198\u0022\/\u003E\n                  \u003Csource srcset=\u0022\/sites\/default\/files\/styles\/teaser_standard__l\/public\/aurora\/2023\/08\/300070.jpeg.webp?itok=_eNPvmT5 1x\u0022 media=\u0022(min-width: 64.0625em)\u0022 type=\u0022image\/webp\u0022 width=\u0022203\u0022 height=\u0022124\u0022\/\u003E\n                  \u003Csource srcset=\u0022\/sites\/default\/files\/styles\/teaser_standard__m\/public\/aurora\/2023\/08\/300070.jpeg?itok=-uO5_PVo 1x\u0022 media=\u0022(min-width: 48.0625em) and (max-width: 64em)\u0022 type=\u0022image\/jpeg\u0022 width=\u0022323\u0022 height=\u0022198\u0022\/\u003E\n                  \u003Csource srcset=\u0022\/sites\/default\/files\/styles\/teaser_standard__l\/public\/aurora\/2023\/08\/300070.jpeg?itok=4kTzFQ9D 1x\u0022 media=\u0022(min-width: 64.0625em)\u0022 type=\u0022image\/jpeg\u0022 width=\u0022203\u0022 height=\u0022124\u0022\/\u003E\n                          \u003Cimg alt=\u0022Flender-Gesch\u00e4ftsf\u00fchrer Andreas Evertz (6.v.r.) er\u00f6ffnet zusammen mit Standortleiter Mark Zundel (7.v.r.), Leiter Flender Real Estate NRW Markus Ritte (9.v.r.) und weiteren Mitarbeitenden die noch nahezu leere Logistikhalle.\u0022 loading=\u0022eager\u0022 data-caption-hide width=\u0022649\u0022 height=\u0022398\u0022 data-zoomed=\u0022https:\/\/www.erneuerbareenergien.de\/sites\/default\/files\/styles\/content__zoomed\/public\/aurora\/2023\/08\/300070.jpeg?itok=DJYt6pnZ\u0022 src=\u0022\/sites\/default\/files\/styles\/teaser_standard__s\/public\/aurora\/2023\/08\/300070.jpeg?itok=hUbfnUKB\u0022 title=\u0022\u00a9 Flender GmbH\n\u0022 \/\u003E\n\n    \u003C\/picture\u003E\n      \u003Cfigcaption class=\u0022image--figcaption\u0022\u003E\n          \u003Cdiv class=\u0022copyright\u0022\u003EFlender GmbH\n\u003C\/div\u003E\n          \u003C\/figcaption\u003E\n\u003C\/figure\u003E\n\n\n    \u003C\/div\u003E\n    \u003Cdiv class=\u0022teaser-content\u0022\u003E\n                    \u003Cdiv class=\u0022teaser-content--kicker\u0022\u003E\n                    \n        \u003C\/div\u003E\n                                              \n                        \n        \u003Ch4 class=\u0022teaser-content--headline\u0022\u003E\n                                Logistik-Konzept leistet Beitrag zur \n                              \u003Cspan class=\u0022headline-last-word-arrow\u0022\u003EEnergiewende                      \u003C\/span\u003E\n        \u003C\/h4\u003E\n            \u003Cdiv class=\u0022teaser-content--publishing-date\u0022\u003E\u003Ctime datetime=\u00222023-08-18T07:25:55Z\u0022\u003E18.08.2023\u003C\/time\u003E\n\u003C\/div\u003E\u003Cspan class=\u0022teaser-content--publishing-date-divider\u0022\u003E - \u003C\/span\u003E\u003Cdiv class=\u0022teaser-content--body\u0022\u003E\u003Cp\u003EKurze Transportwege, zentrale Lagerung, Photovoltaik-Bedachung: Flender er\u00f6ffnet am Standort Voerde Logistik- und Lagerfl\u00e4chen mit einem Umfang von 18.000 Quadratmetern.\u003C\/p\u003E\n\u003C\/div\u003E\n                        \u003Cspan class=\u0022read-more-arrow-container\u0022\u003E\n            \u003Cspan class=\u0022read-more-angled-arrow\u0022\u003E \u003C\/span\u003E\n          \u003C\/span\u003E\n                  \u003C\/div\u003E\n    \u003C\/a\u003E\n\u003Ca href=\u0022\/technologie\/logistik\/nadeloehr-transport-mindestens-100-genehmigungen-fuer-eine-windkraftanlage\u0022  class=\u0022teaser teaser--standard\u0022 aria-label=\u0022Nadel\u00f6hr Transport: Mindestens 100 Genehmigungen f\u00fcr eine Windkraftanlage\u0022\u003E\n      \u003Cdiv class=\u0022teaser-content--image\u0022\u003E\n        \u003Cfigure class=\u0022image--figure\u0022\u003E\n        \u003Cpicture\u003E\n                        \u003Csource srcset=\u0022\/sites\/default\/files\/styles\/teaser_standard__m\/public\/aurora\/2023\/05\/281543.jpeg.webp?itok=vJ0SlqNV 1x\u0022 media=\u0022(min-width: 48.0625em) and (max-width: 64em)\u0022 type=\u0022image\/webp\u0022 width=\u0022323\u0022 height=\u0022242\u0022\/\u003E\n                  \u003Csource srcset=\u0022\/sites\/default\/files\/styles\/teaser_standard__l\/public\/aurora\/2023\/05\/281543.jpeg.webp?itok=mKH0EJmT 1x\u0022 media=\u0022(min-width: 64.0625em)\u0022 type=\u0022image\/webp\u0022 width=\u0022203\u0022 height=\u0022152\u0022\/\u003E\n                  \u003Csource srcset=\u0022\/sites\/default\/files\/styles\/teaser_standard__m\/public\/aurora\/2023\/05\/281543.jpeg?itok=dbAIpuM8 1x\u0022 media=\u0022(min-width: 48.0625em) and (max-width: 64em)\u0022 type=\u0022image\/jpeg\u0022 width=\u0022323\u0022 height=\u0022242\u0022\/\u003E\n                  \u003Csource srcset=\u0022\/sites\/default\/files\/styles\/teaser_standard__l\/public\/aurora\/2023\/05\/281543.jpeg?itok=cuzbOviR 1x\u0022 media=\u0022(min-width: 64.0625em)\u0022 type=\u0022image\/jpeg\u0022 width=\u0022203\u0022 height=\u0022152\u0022\/\u003E\n                          \u003Cimg loading=\u0022eager\u0022 data-caption-hide width=\u0022531\u0022 height=\u0022398\u0022 data-zoomed=\u0022https:\/\/www.erneuerbareenergien.de\/sites\/default\/files\/styles\/content__zoomed\/public\/aurora\/2023\/05\/281543.jpeg?itok=0tsbetA1\u0022 src=\u0022\/sites\/default\/files\/styles\/teaser_standard__s\/public\/aurora\/2023\/05\/281543.jpeg?itok=H8LXFJBy\u0022 title=\u0022\u00a9 Heiko Jessen\n\u0022 \/\u003E\n\n    \u003C\/picture\u003E\n      \u003Cfigcaption class=\u0022image--figcaption\u0022\u003E\n          \u003Cdiv class=\u0022copyright\u0022\u003EHeiko Jessen\n\u003C\/div\u003E\n          \u003C\/figcaption\u003E\n\u003C\/figure\u003E\n\n\n    \u003C\/div\u003E\n    \u003Cdiv class=\u0022teaser-content\u0022\u003E\n                    \u003Cdiv class=\u0022teaser-content--kicker\u0022\u003E\n                    \n        \u003C\/div\u003E\n                                              \n                        \n        \u003Ch4 class=\u0022teaser-content--headline\u0022\u003E\n                                Nadel\u00f6hr Transport: Mindestens 100 Genehmigungen f\u00fcr eine \n                              \u003Cspan class=\u0022headline-last-word-arrow\u0022\u003EWindkraftanlage                      \u003C\/span\u003E\n        \u003C\/h4\u003E\n            \u003Cdiv class=\u0022teaser-content--publishing-date\u0022\u003E\u003Ctime datetime=\u00222023-05-23T06:00:39Z\u0022\u003E23.05.2023\u003C\/time\u003E\n\u003C\/div\u003E\u003Cspan class=\u0022teaser-content--publishing-date-divider\u0022\u003E - \u003C\/span\u003E\u003Cdiv class=\u0022teaser-content--body\u0022\u003E\u003Cp\u003EBis zu 40.000 Schwerlasttransporte sind allein in Niedersachsen f\u00fcr den Ausbau der Windenergie bis 2035 n\u00f6tig \u2013 und jeder braucht zehn Genehmigungen oder mehr. Der LEE sieht deshalb bei jetzigem Genehmigungstempo die Ziele in Gefahr.\u003C\/p\u003E\n\u003C\/div\u003E\n                        \u003Cspan class=\u0022read-more-arrow-container\u0022\u003E\n            \u003Cspan class=\u0022read-more-angled-arrow\u0022\u003E \u003C\/span\u003E\n          \u003C\/span\u003E\n                  \u003C\/div\u003E\n    \u003C\/a\u003E\n\u003Ca href=\u0022\/technologie\/logistik\/grosshaendler-suntastic-solar-eroeffnet-niederlassung-deutschland\u0022  class=\u0022teaser teaser--standard\u0022 aria-label=\u0022Gro\u00dfh\u00e4ndler Suntastic Solar er\u00f6ffnet Niederlassung in Deutschland\u0022\u003E\n      \u003Cdiv class=\u0022teaser-content--image\u0022\u003E\n        \u003Cfigure class=\u0022image--figure\u0022\u003E\n        \u003Cpicture\u003E\n                        \u003Csource srcset=\u0022\/sites\/default\/files\/styles\/teaser_standard__m\/public\/aurora\/2022\/12\/247994.jpeg.webp?itok=e53qaYEU 1x\u0022 media=\u0022(min-width: 48.0625em) and (max-width: 64em)\u0022 type=\u0022image\/webp\u0022 width=\u0022323\u0022 height=\u0022182\u0022\/\u003E\n                  \u003Csource srcset=\u0022\/sites\/default\/files\/styles\/teaser_standard__l\/public\/aurora\/2022\/12\/247994.jpeg.webp?itok=tVMpt7Y7 1x\u0022 media=\u0022(min-width: 64.0625em)\u0022 type=\u0022image\/webp\u0022 width=\u0022203\u0022 height=\u0022114\u0022\/\u003E\n                  \u003Csource srcset=\u0022\/sites\/default\/files\/styles\/teaser_standard__m\/public\/aurora\/2022\/12\/247994.jpeg?itok=AA-Uwxql 1x\u0022 media=\u0022(min-width: 48.0625em) and (max-width: 64em)\u0022 type=\u0022image\/jpeg\u0022 width=\u0022323\u0022 height=\u0022182\u0022\/\u003E\n                  \u003Csource srcset=\u0022\/sites\/default\/files\/styles\/teaser_standard__l\/public\/aurora\/2022\/12\/247994.jpeg?itok=qzf8PQ_d 1x\u0022 media=\u0022(min-width: 64.0625em)\u0022 type=\u0022image\/jpeg\u0022 width=\u0022203\u0022 height=\u0022114\u0022\/\u003E\n                          \u003Cimg loading=\u0022eager\u0022 data-caption-hide width=\u0022708\u0022 height=\u0022398\u0022 alt=\u0022Von drei gro\u00dfen Lagern wie dieses hier in Spillern bei Wien, versorgt Suntastic bisher \u00fcber 1.000 Solarteure in \u00d6sterreich. Jetzt startet das Unternehmen mit der ersten Niederlassung in Deutschland.\u0022 data-zoomed=\u0022https:\/\/www.erneuerbareenergien.de\/sites\/default\/files\/styles\/content__zoomed\/public\/aurora\/2022\/12\/247994.jpeg?itok=rr25JJH2\u0022 src=\u0022\/sites\/default\/files\/styles\/teaser_standard__s\/public\/aurora\/2022\/12\/247994.jpeg?itok=zpsyz5g1\u0022 title=\u0022\u00a9 Suntastic Solar\n\u0022 \/\u003E\n\n    \u003C\/picture\u003E\n      \u003Cfigcaption class=\u0022image--figcaption\u0022\u003E\n          \u003Cdiv class=\u0022copyright\u0022\u003ESuntastic Solar\n\u003C\/div\u003E\n          \u003C\/figcaption\u003E\n\u003C\/figure\u003E\n\n\n    \u003C\/div\u003E\n    \u003Cdiv class=\u0022teaser-content\u0022\u003E\n                    \u003Cdiv class=\u0022teaser-content--kicker\u0022\u003E\n                    \n        \u003C\/div\u003E\n                                              \n                        \n        \u003Ch4 class=\u0022teaser-content--headline\u0022\u003E\n                                Gro\u00dfh\u00e4ndler Suntastic Solar er\u00f6ffnet Niederlassung in \n                              \u003Cspan class=\u0022headline-last-word-arrow\u0022\u003EDeutschland                      \u003C\/span\u003E\n        \u003C\/h4\u003E\n            \u003Cdiv class=\u0022teaser-content--publishing-date\u0022\u003E\u003Ctime datetime=\u00222022-12-29T10:00:03Z\u0022\u003E29.12.2022\u003C\/time\u003E\n\u003C\/div\u003E\u003Cspan class=\u0022teaser-content--publishing-date-divider\u0022\u003E - \u003C\/span\u003E\u003Cdiv class=\u0022teaser-content--body\u0022\u003E\u003Cp\u003EBisher war der Photovoltaikgro\u00dfh\u00e4ndler ausschlie\u00dflich in \u00d6sterreich unterwegs. Jetzt startet er auch den Vertrieb von Solarkomponenten und Speichern in Deutschland.\u003C\/p\u003E\n\u003C\/div\u003E\n                        \u003Cspan class=\u0022read-more-arrow-container\u0022\u003E\n            \u003Cspan class=\u0022read-more-angled-arrow\u0022\u003E \u003C\/span\u003E\n          \u003C\/span\u003E\n                  \u003C\/div\u003E\n    \u003C\/a\u003E\n\u003Ca href=\u0022\/technologie\/logistik\/klimaschutz-gp-joule-liefert-h2-tankstelle-und-h2-infrastruktur\u0022  class=\u0022teaser teaser--standard\u0022 aria-label=\u0022GP Joule liefert H2-Tankstelle und H2-Infrastruktur\u00a0\u0022\u003E\n      \u003Cdiv class=\u0022teaser-content--image\u0022\u003E\n        \u003Cfigure class=\u0022image--figure\u0022\u003E\n        \u003Cpicture\u003E\n                        \u003Csource srcset=\u0022\/sites\/default\/files\/styles\/teaser_standard__m\/public\/aurora\/2022\/09\/225771.jpeg.webp?itok=uaM1viSl 1x\u0022 media=\u0022(min-width: 48.0625em) and (max-width: 64em)\u0022 type=\u0022image\/webp\u0022 width=\u0022323\u0022 height=\u0022215\u0022\/\u003E\n                  \u003Csource srcset=\u0022\/sites\/default\/files\/styles\/teaser_standard__l\/public\/aurora\/2022\/09\/225771.jpeg.webp?itok=ztuXJsVL 1x\u0022 media=\u0022(min-width: 64.0625em)\u0022 type=\u0022image\/webp\u0022 width=\u0022203\u0022 height=\u0022135\u0022\/\u003E\n                  \u003Csource srcset=\u0022\/sites\/default\/files\/styles\/teaser_standard__m\/public\/aurora\/2022\/09\/225771.jpeg?itok=JD5BHZMY 1x\u0022 media=\u0022(min-width: 48.0625em) and (max-width: 64em)\u0022 type=\u0022image\/jpeg\u0022 width=\u0022323\u0022 height=\u0022215\u0022\/\u003E\n                  \u003Csource srcset=\u0022\/sites\/default\/files\/styles\/teaser_standard__l\/public\/aurora\/2022\/09\/225771.jpeg?itok=RpKufaln 1x\u0022 media=\u0022(min-width: 64.0625em)\u0022 type=\u0022image\/jpeg\u0022 width=\u0022203\u0022 height=\u0022135\u0022\/\u003E\n                          \u003Cimg loading=\u0022eager\u0022 data-caption-hide width=\u0022597\u0022 height=\u0022398\u0022 alt=\u0022eFarm-Elektrolyseur\u0022 data-zoomed=\u0022https:\/\/www.erneuerbareenergien.de\/sites\/default\/files\/styles\/content__zoomed\/public\/aurora\/2022\/09\/225771.jpeg?itok=4EeWe5D5\u0022 src=\u0022\/sites\/default\/files\/styles\/teaser_standard__s\/public\/aurora\/2022\/09\/225771.jpeg?itok=4eW2mRa2\u0022 title=\u0022\u00a9 GP Joule\n\u0022 \/\u003E\n\n    \u003C\/picture\u003E\n      \u003Cfigcaption class=\u0022image--figcaption\u0022\u003E\n          \u003Cdiv class=\u0022copyright\u0022\u003EGP Joule\n\u003C\/div\u003E\n          \u003C\/figcaption\u003E\n\u003C\/figure\u003E\n\n\n    \u003C\/div\u003E\n    \u003Cdiv class=\u0022teaser-content\u0022\u003E\n                    \u003Cdiv class=\u0022teaser-content--kicker\u0022\u003E\n                    Klimaschutz\n        \u003C\/div\u003E\n                                              \n                        \n        \u003Ch4 class=\u0022teaser-content--headline\u0022\u003E\n                                GP Joule liefert H2-Tankstelle und \n                              \u003Cspan class=\u0022headline-last-word-arrow\u0022\u003EH2-Infrastruktur\u00a0                      \u003C\/span\u003E\n        \u003C\/h4\u003E\n            \u003Cdiv class=\u0022teaser-content--publishing-date\u0022\u003E\u003Ctime datetime=\u00222022-09-19T06:00:03Z\u0022\u003E19.09.2022\u003C\/time\u003E\n\u003C\/div\u003E\u003Cspan class=\u0022teaser-content--publishing-date-divider\u0022\u003E - \u003C\/span\u003E\u003Cdiv class=\u0022teaser-content--body\u0022\u003E\u003Cp\u003EK\u00fcchenbauprimus Nobilia bestellt eine Tankstelle f\u00fcr Wasserstoff, dessen Erzeugungsstrom direkt aus Gr\u00fcnstromanlagen kommt. Lieferant aus Erneuerbarenbranche.\u003C\/p\u003E\n\u003C\/div\u003E\n                        \u003Cspan class=\u0022read-more-arrow-container\u0022\u003E\n            \u003Cspan class=\u0022read-more-angled-arrow\u0022\u003E \u003C\/span\u003E\n          \u003C\/span\u003E\n                  \u003C\/div\u003E\n    \u003C\/a\u003E\n\u003Ca href=\u0022\/technologie\/logistik\/db-cargo-will-wasserstoff-auf-der-schiene-transportieren\u0022  class=\u0022teaser teaser--standard\u0022 aria-label=\u0022DB Cargo will Wasserstoff auf der Schiene transportieren\u0022\u003E\n      \u003Cdiv class=\u0022teaser-content--image\u0022\u003E\n        \u003Cfigure class=\u0022image--figure\u0022\u003E\n        \u003Cpicture\u003E\n                        \u003Csource srcset=\u0022\/sites\/default\/files\/styles\/teaser_standard__m\/public\/aurora\/2022\/09\/224057.jpeg.webp?itok=cCXi-93T 1x\u0022 media=\u0022(min-width: 48.0625em) and (max-width: 64em)\u0022 type=\u0022image\/webp\u0022 width=\u0022323\u0022 height=\u0022215\u0022\/\u003E\n                  \u003Csource srcset=\u0022\/sites\/default\/files\/styles\/teaser_standard__l\/public\/aurora\/2022\/09\/224057.jpeg.webp?itok=CcoYT29m 1x\u0022 media=\u0022(min-width: 64.0625em)\u0022 type=\u0022image\/webp\u0022 width=\u0022203\u0022 height=\u0022135\u0022\/\u003E\n                  \u003Csource srcset=\u0022\/sites\/default\/files\/styles\/teaser_standard__m\/public\/aurora\/2022\/09\/224057.jpeg?itok=H67MNNza 1x\u0022 media=\u0022(min-width: 48.0625em) and (max-width: 64em)\u0022 type=\u0022image\/jpeg\u0022 width=\u0022323\u0022 height=\u0022215\u0022\/\u003E\n                  \u003Csource srcset=\u0022\/sites\/default\/files\/styles\/teaser_standard__l\/public\/aurora\/2022\/09\/224057.jpeg?itok=8OJhjNJ7 1x\u0022 media=\u0022(min-width: 64.0625em)\u0022 type=\u0022image\/jpeg\u0022 width=\u0022203\u0022 height=\u0022135\u0022\/\u003E\n                          \u003Cimg loading=\u0022eager\u0022 data-caption-hide width=\u0022597\u0022 height=\u0022398\u0022 data-zoomed=\u0022https:\/\/www.erneuerbareenergien.de\/sites\/default\/files\/styles\/content__zoomed\/public\/aurora\/2022\/09\/224057.jpeg?itok=HHjLtfle\u0022 src=\u0022\/sites\/default\/files\/styles\/teaser_standard__s\/public\/aurora\/2022\/09\/224057.jpeg?itok=8Qb00QIF\u0022 title=\u0022\u00a9 Deutsche Bahn AG\n\u0022 \/\u003E\n\n    \u003C\/picture\u003E\n      \u003Cfigcaption class=\u0022image--figcaption\u0022\u003E\n          \u003Cdiv class=\u0022copyright\u0022\u003EDeutsche Bahn AG\n\u003C\/div\u003E\n          \u003C\/figcaption\u003E\n\u003C\/figure\u003E\n\n\n    \u003C\/div\u003E\n    \u003Cdiv class=\u0022teaser-content\u0022\u003E\n                    \u003Cdiv class=\u0022teaser-content--kicker\u0022\u003E\n                    \n        \u003C\/div\u003E\n                                              \n                        \n        \u003Ch4 class=\u0022teaser-content--headline\u0022\u003E\n                                DB Cargo will Wasserstoff auf der Schiene \n                              \u003Cspan class=\u0022headline-last-word-arrow\u0022\u003Etransportieren                      \u003C\/span\u003E\n        \u003C\/h4\u003E\n            \u003Cdiv class=\u0022teaser-content--publishing-date\u0022\u003E\u003Ctime datetime=\u00222022-09-12T09:52:30Z\u0022\u003E12.09.2022\u003C\/time\u003E\n\u003C\/div\u003E\u003Cspan class=\u0022teaser-content--publishing-date-divider\u0022\u003E - \u003C\/span\u003E\u003Cdiv class=\u0022teaser-content--body\u0022\u003E\u003Cp\u003EKesselwagen statt Pipelines, fl\u00fcssig statt gasf\u00f6rmig: Wie die Bahn beim Wasserstofftransport mitmischen will.\u003C\/p\u003E\n\u003C\/div\u003E\n                        \u003Cspan class=\u0022read-more-arrow-container\u0022\u003E\n            \u003Cspan class=\u0022read-more-angled-arrow\u0022\u003E \u003C\/span\u003E\n          \u003C\/span\u003E\n                  \u003C\/div\u003E\n    \u003C\/a\u003E\n\u003Ca href=\u0022\/technologie\/logistik\/erhoehte-planbarkeit-der-lieferkette-dank-massgeschneiderter-softwareloesung\u0022  class=\u0022teaser teaser--standard\u0022 aria-label=\u0022Erh\u00f6hte Planbarkeit in der Lieferkette dank ma\u00dfgeschneiderter Softwarel\u00f6sung \u0022\u003E\n      \u003Cdiv class=\u0022teaser-content--image\u0022\u003E\n        \u003Cfigure class=\u0022image--figure\u0022\u003E\n        \u003Cpicture\u003E\n                        \u003Csource srcset=\u0022\/sites\/default\/files\/styles\/teaser_standard__m\/public\/aurora\/2022\/01\/167884.jpeg.webp?itok=JC3eR4UD 1x\u0022 media=\u0022(min-width: 48.0625em) and (max-width: 64em)\u0022 type=\u0022image\/webp\u0022 width=\u0022323\u0022 height=\u0022215\u0022\/\u003E\n                  \u003Csource srcset=\u0022\/sites\/default\/files\/styles\/teaser_standard__l\/public\/aurora\/2022\/01\/167884.jpeg.webp?itok=k68tk9H0 1x\u0022 media=\u0022(min-width: 64.0625em)\u0022 type=\u0022image\/webp\u0022 width=\u0022203\u0022 height=\u0022135\u0022\/\u003E\n                  \u003Csource srcset=\u0022\/sites\/default\/files\/styles\/teaser_standard__m\/public\/aurora\/2022\/01\/167884.jpeg?itok=Zio7yMT- 1x\u0022 media=\u0022(min-width: 48.0625em) and (max-width: 64em)\u0022 type=\u0022image\/jpeg\u0022 width=\u0022323\u0022 height=\u0022215\u0022\/\u003E\n                  \u003Csource srcset=\u0022\/sites\/default\/files\/styles\/teaser_standard__l\/public\/aurora\/2022\/01\/167884.jpeg?itok=9srBKzyt 1x\u0022 media=\u0022(min-width: 64.0625em)\u0022 type=\u0022image\/jpeg\u0022 width=\u0022203\u0022 height=\u0022135\u0022\/\u003E\n                          \u003Cimg alt=\u0022L\u00fcckenlose Lieferketten sind f\u00fcr die schnelle Umsetzung der Ausbauziele unabdingbar.\u0022 loading=\u0022eager\u0022 data-caption-hide width=\u0022597\u0022 height=\u0022398\u0022 data-zoomed=\u0022https:\/\/www.erneuerbareenergien.de\/sites\/default\/files\/styles\/content__zoomed\/public\/aurora\/2022\/01\/167884.jpeg?itok=R8T2RETm\u0022 src=\u0022\/sites\/default\/files\/styles\/teaser_standard__s\/public\/aurora\/2022\/01\/167884.jpeg?itok=-3BqmDkn\u0022 title=\u0022\u00a9 Pixabay\n\u0022 \/\u003E\n\n    \u003C\/picture\u003E\n      \u003Cfigcaption class=\u0022image--figcaption\u0022\u003E\n          \u003Cdiv class=\u0022copyright\u0022\u003EPixabay\n\u003C\/div\u003E\n          \u003C\/figcaption\u003E\n\u003C\/figure\u003E\n\n\n    \u003C\/div\u003E\n    \u003Cdiv class=\u0022teaser-content\u0022\u003E\n                    \u003Cdiv class=\u0022teaser-content--kicker\u0022\u003E\n                    \n        \u003C\/div\u003E\n                                              \n                        \n        \u003Ch4 class=\u0022teaser-content--headline\u0022\u003E\n                                Erh\u00f6hte Planbarkeit in der Lieferkette dank ma\u00dfgeschneiderter \n                              \u003Cspan class=\u0022headline-last-word-arrow\u0022\u003ESoftwarel\u00f6sung                      \u003C\/span\u003E\n        \u003C\/h4\u003E\n            \u003Cdiv class=\u0022teaser-content--publishing-date\u0022\u003E\u003Ctime datetime=\u00222022-01-21T10:24:30Z\u0022\u003E21.01.2022\u003C\/time\u003E\n\u003C\/div\u003E\u003Cspan class=\u0022teaser-content--publishing-date-divider\u0022\u003E - \u003C\/span\u003E\u003Cdiv class=\u0022teaser-content--body\u0022\u003E\u003Cp\u003EBei Solaranlagen ist eine l\u00fcckenlose Lieferkette von den Produktionsst\u00e4tten in Asien bis zum Einsatzort auf deutschen Hausd\u00e4chern wichtig. Enpal lie\u00df sich daf\u00fcr vom M\u00fcnchner Start-up Casana eine ma\u00dfgeschneiderte Software entwickeln und profitiert von einem effizienten Supply-Chain-Management.\u003C\/p\u003E\n\u003C\/div\u003E\n                        \u003Cspan class=\u0022read-more-arrow-container\u0022\u003E\n            \u003Cspan class=\u0022read-more-angled-arrow\u0022\u003E \u003C\/span\u003E\n          \u003C\/span\u003E\n                  \u003C\/div\u003E\n    \u003C\/a\u003E\n\u003Ca href=\u0022\/technologie\/logistik\/10-tipps-fuer-wind-und-solarparkplaner\u0022  class=\u0022teaser teaser--standard\u0022 aria-label=\u002210 Tipps f\u00fcr Wind- und Solarparkplaner\u0022\u003E\n      \u003Cdiv class=\u0022teaser-content--image\u0022\u003E\n        \u003Cfigure class=\u0022image--figure\u0022\u003E\n        \u003Cpicture\u003E\n                        \u003Csource srcset=\u0022\/sites\/default\/files\/styles\/teaser_standard__m\/public\/aurora\/2022\/01\/164687.jpeg.webp?itok=PFnk--EP 1x\u0022 media=\u0022(min-width: 48.0625em) and (max-width: 64em)\u0022 type=\u0022image\/webp\u0022 width=\u0022323\u0022 height=\u0022215\u0022\/\u003E\n                  \u003Csource srcset=\u0022\/sites\/default\/files\/styles\/teaser_standard__l\/public\/aurora\/2022\/01\/164687.jpeg.webp?itok=yLz-fzg2 1x\u0022 media=\u0022(min-width: 64.0625em)\u0022 type=\u0022image\/webp\u0022 width=\u0022203\u0022 height=\u0022135\u0022\/\u003E\n                  \u003Csource srcset=\u0022\/sites\/default\/files\/styles\/teaser_standard__m\/public\/aurora\/2022\/01\/164687.jpeg?itok=dHVG9k9O 1x\u0022 media=\u0022(min-width: 48.0625em) and (max-width: 64em)\u0022 type=\u0022image\/jpeg\u0022 width=\u0022323\u0022 height=\u0022215\u0022\/\u003E\n                  \u003Csource srcset=\u0022\/sites\/default\/files\/styles\/teaser_standard__l\/public\/aurora\/2022\/01\/164687.jpeg?itok=CdxU9YZs 1x\u0022 media=\u0022(min-width: 64.0625em)\u0022 type=\u0022image\/jpeg\u0022 width=\u0022203\u0022 height=\u0022135\u0022\/\u003E\n                          \u003Cimg alt=\u0022Bis die Turbine montiert werden kann, ist viel Vorarbeit erforderlich.\u0022 loading=\u0022eager\u0022 data-caption-hide width=\u0022599\u0022 height=\u0022398\u0022 data-zoomed=\u0022https:\/\/www.erneuerbareenergien.de\/sites\/default\/files\/styles\/content__zoomed\/public\/aurora\/2022\/01\/164687.jpeg?itok=Xm9U1RJ-\u0022 src=\u0022\/sites\/default\/files\/styles\/teaser_standard__s\/public\/aurora\/2022\/01\/164687.jpeg?itok=R9_AsC6F\u0022 title=\u0022\u00a9 Tarnero - stock.adobe.com\n\u0022 \/\u003E\n\n    \u003C\/picture\u003E\n      \u003Cfigcaption class=\u0022image--figcaption\u0022\u003E\n          \u003Cdiv class=\u0022copyright\u0022\u003ETarnero - stock.adobe.com\n\u003C\/div\u003E\n          \u003C\/figcaption\u003E\n\u003C\/figure\u003E\n\n\n    \u003C\/div\u003E\n    \u003Cdiv class=\u0022teaser-content\u0022\u003E\n                    \u003Cdiv class=\u0022teaser-content--kicker\u0022\u003E\n                    \n        \u003C\/div\u003E\n                                              \n                        \n        \u003Ch4 class=\u0022teaser-content--headline\u0022\u003E\n                                10 Tipps f\u00fcr Wind- und \n                              \u003Cspan class=\u0022headline-last-word-arrow\u0022\u003ESolarparkplaner                      \u003C\/span\u003E\n        \u003C\/h4\u003E\n            \u003Cdiv class=\u0022teaser-content--publishing-date\u0022\u003E\u003Ctime datetime=\u00222022-01-08T16:08:27Z\u0022\u003E08.01.2022\u003C\/time\u003E\n\u003C\/div\u003E\u003Cspan class=\u0022teaser-content--publishing-date-divider\u0022\u003E - \u003C\/span\u003E\u003Cdiv class=\u0022teaser-content--body\u0022\u003E\u003Cp\u003EExperte Daniel Meier beschreibt zehn Aspekte des Projektmanagements, auf die Planer von Wind- und Solarprojekten k\u00fcnftig verst\u00e4rkt achten sollten.\u003C\/p\u003E\n\u003C\/div\u003E\n                        \u003Cspan class=\u0022read-more-arrow-container\u0022\u003E\n            \u003Cspan class=\u0022read-more-angled-arrow\u0022\u003E \u003C\/span\u003E\n          \u003C\/span\u003E\n                  \u003C\/div\u003E\n    \u003C\/a\u003E\n\u003Ca href=\u0022\/technologie\/logistik\/gwec-globaler-windparkausbau-haelt-rekordniveau\u0022  class=\u0022teaser teaser--standard\u0022 aria-label=\u0022Globaler Windparkausbau h\u00e4lt Rekordniveau\u00a0\u0022\u003E\n      \u003Cdiv class=\u0022teaser-content--image\u0022\u003E\n        \u003Cfigure class=\u0022image--figure\u0022\u003E\n        \u003Cpicture\u003E\n                        \u003Csource srcset=\u0022\/sites\/default\/files\/styles\/teaser_standard__m\/public\/aurora\/2021\/12\/158438.jpeg.webp?itok=c1QJxMm3 1x\u0022 media=\u0022(min-width: 48.0625em) and (max-width: 64em)\u0022 type=\u0022image\/webp\u0022 width=\u0022323\u0022 height=\u0022181\u0022\/\u003E\n                  \u003Csource srcset=\u0022\/sites\/default\/files\/styles\/teaser_standard__l\/public\/aurora\/2021\/12\/158438.jpeg.webp?itok=_voJLeoF 1x\u0022 media=\u0022(min-width: 64.0625em)\u0022 type=\u0022image\/webp\u0022 width=\u0022203\u0022 height=\u0022114\u0022\/\u003E\n                  \u003Csource srcset=\u0022\/sites\/default\/files\/styles\/teaser_standard__m\/public\/aurora\/2021\/12\/158438.jpeg?itok=S6lIfmYe 1x\u0022 media=\u0022(min-width: 48.0625em) and (max-width: 64em)\u0022 type=\u0022image\/jpeg\u0022 width=\u0022323\u0022 height=\u0022181\u0022\/\u003E\n                  \u003Csource srcset=\u0022\/sites\/default\/files\/styles\/teaser_standard__l\/public\/aurora\/2021\/12\/158438.jpeg?itok=YmaC90-7 1x\u0022 media=\u0022(min-width: 64.0625em)\u0022 type=\u0022image\/jpeg\u0022 width=\u0022203\u0022 height=\u0022114\u0022\/\u003E\n                          \u003Cimg alt=\u0022Nordex-Windenergieanlagen der F\u00fcnf-MW-Klasse f\u00fcr Peru bestellt: Auftrag f\u00fcr einen 177-MW-Windpark\u0022 loading=\u0022eager\u0022 data-caption-hide width=\u0022708\u0022 height=\u0022398\u0022 data-zoomed=\u0022https:\/\/www.erneuerbareenergien.de\/sites\/default\/files\/styles\/content__zoomed\/public\/aurora\/2021\/12\/158438.jpeg?itok=PCkgX8th\u0022 src=\u0022\/sites\/default\/files\/styles\/teaser_standard__s\/public\/aurora\/2021\/12\/158438.jpeg?itok=oIKL4iKg\u0022 title=\u0022\u00a9 Nordex\n\u0022 \/\u003E\n\n    \u003C\/picture\u003E\n      \u003Cfigcaption class=\u0022image--figcaption\u0022\u003E\n          \u003Cdiv class=\u0022copyright\u0022\u003ENordex\n\u003C\/div\u003E\n          \u003C\/figcaption\u003E\n\u003C\/figure\u003E\n\n\n    \u003C\/div\u003E\n    \u003Cdiv class=\u0022teaser-content\u0022\u003E\n                    \u003Cdiv class=\u0022teaser-content--kicker\u0022\u003E\n                    GWEC\n        \u003C\/div\u003E\n                                              \n                        \n        \u003Ch4 class=\u0022teaser-content--headline\u0022\u003E\n                                Globaler Windparkausbau h\u00e4lt \n                              \u003Cspan class=\u0022headline-last-word-arrow\u0022\u003ERekordniveau\u00a0                      \u003C\/span\u003E\n        \u003C\/h4\u003E\n            \u003Cdiv class=\u0022teaser-content--publishing-date\u0022\u003E\u003Ctime datetime=\u00222021-12-02T13:00:20Z\u0022\u003E02.12.2021\u003C\/time\u003E\n\u003C\/div\u003E\u003Cspan class=\u0022teaser-content--publishing-date-divider\u0022\u003E - \u003C\/span\u003E\u003Cdiv class=\u0022teaser-content--body\u0022\u003E\u003Cp\u003E92 Gigawatt (GW), fast so viel wie im Rekordjahr 2020, wird der Jahreszubau an neuer Erzeugungskapazit\u00e4t der Windkraft 2021 betragen.\u003C\/p\u003E\n\u003C\/div\u003E\n                        \u003Cspan class=\u0022read-more-arrow-container\u0022\u003E\n            \u003Cspan class=\u0022read-more-angled-arrow\u0022\u003E \u003C\/span\u003E\n          \u003C\/span\u003E\n                  \u003C\/div\u003E\n    \u003C\/a\u003E\n\u003Ca href=\u0022\/technologie\/logistik\/photovoltaik-mit-vier-mw-auf-logistikhallen\u0022  class=\u0022teaser teaser--standard\u0022 aria-label=\u0022Photovoltaik mit vier MW auf Logistikhallen\u00a0\u0022\u003E\n      \u003Cdiv class=\u0022teaser-content--image\u0022\u003E\n        \u003Cfigure class=\u0022image--figure\u0022\u003E\n        \u003Cpicture\u003E\n                        \u003Csource srcset=\u0022\/sites\/default\/files\/styles\/teaser_standard__m\/public\/aurora\/2021\/11\/150255.jpeg.webp?itok=BdfAqTnN 1x\u0022 media=\u0022(min-width: 48.0625em) and (max-width: 64em)\u0022 type=\u0022image\/webp\u0022 width=\u0022323\u0022 height=\u0022211\u0022\/\u003E\n                  \u003Csource srcset=\u0022\/sites\/default\/files\/styles\/teaser_standard__l\/public\/aurora\/2021\/11\/150255.jpeg.webp?itok=CmnJ4pva 1x\u0022 media=\u0022(min-width: 64.0625em)\u0022 type=\u0022image\/webp\u0022 width=\u0022203\u0022 height=\u0022133\u0022\/\u003E\n                  \u003Csource srcset=\u0022\/sites\/default\/files\/styles\/teaser_standard__m\/public\/aurora\/2021\/11\/150255.jpeg?itok=Cc25rB51 1x\u0022 media=\u0022(min-width: 48.0625em) and (max-width: 64em)\u0022 type=\u0022image\/jpeg\u0022 width=\u0022323\u0022 height=\u0022211\u0022\/\u003E\n                  \u003Csource srcset=\u0022\/sites\/default\/files\/styles\/teaser_standard__l\/public\/aurora\/2021\/11\/150255.jpeg?itok=tRScy2am 1x\u0022 media=\u0022(min-width: 64.0625em)\u0022 type=\u0022image\/jpeg\u0022 width=\u0022203\u0022 height=\u0022133\u0022\/\u003E\n                          \u003Cimg alt=\u0022\u00dcber reichlich Dachfl\u00e4chen f\u00fcr PV-Aufdachanlagen verf\u00fcgt Neska nahe Mannheim auf neuen Logistikhallen.\u00a0\u0022 loading=\u0022eager\u0022 data-caption-hide width=\u0022609\u0022 height=\u0022398\u0022 data-zoomed=\u0022https:\/\/www.erneuerbareenergien.de\/sites\/default\/files\/styles\/content__zoomed\/public\/aurora\/2021\/11\/150255.jpeg?itok=zkaOF2qm\u0022 src=\u0022\/sites\/default\/files\/styles\/teaser_standard__s\/public\/aurora\/2021\/11\/150255.jpeg?itok=7tvoEsNQ\u0022 title=\u0022\u00a9 neska\n\u0022 \/\u003E\n\n    \u003C\/picture\u003E\n      \u003Cfigcaption class=\u0022image--figcaption\u0022\u003E\n          \u003Cdiv class=\u0022copyright\u0022\u003Eneska\n\u003C\/div\u003E\n          \u003C\/figcaption\u003E\n\u003C\/figure\u003E\n\n\n    \u003C\/div\u003E\n    \u003Cdiv class=\u0022teaser-content\u0022\u003E\n                    \u003Cdiv class=\u0022teaser-content--kicker\u0022\u003E\n                    \n        \u003C\/div\u003E\n                                              \n                        \n        \u003Ch4 class=\u0022teaser-content--headline\u0022\u003E\n                                Photovoltaik mit vier MW auf \n                              \u003Cspan class=\u0022headline-last-word-arrow\u0022\u003ELogistikhallen\u00a0                      \u003C\/span\u003E\n        \u003C\/h4\u003E\n            \u003Cdiv class=\u0022teaser-content--publishing-date\u0022\u003E\u003Ctime datetime=\u00222021-11-02T09:00:02Z\u0022\u003E02.11.2021\u003C\/time\u003E\n\u003C\/div\u003E\u003Cspan class=\u0022teaser-content--publishing-date-divider\u0022\u003E - \u003C\/span\u003E\u003Cdiv class=\u0022teaser-content--body\u0022\u003E\u003Cp\u003EDie Rheinenergie AG baut ihre bisher gr\u00f6\u00dfte Aufdach-Photovoltaikanlage auf den neu errichteten Logistikhallen der Neska in Ladenburg bei Mannheim.\u003C\/p\u003E\n\u003C\/div\u003E\n                        \u003Cspan class=\u0022read-more-arrow-container\u0022\u003E\n            \u003Cspan class=\u0022read-more-angled-arrow\u0022\u003E \u003C\/span\u003E\n          \u003C\/span\u003E\n                  \u003C\/div\u003E\n    \u003C\/a\u003E\n\u003Ca href=\u0022\/technologie\/logistik\/westfalen-gruppe-mobile-wasserstofftankstelle-kommt-auf-den-markt\u0022  class=\u0022teaser teaser--standard\u0022 aria-label=\u0022Mobile Wasserstofftankstelle kommt auf den Markt\u0022\u003E\n      \u003Cdiv class=\u0022teaser-content--image\u0022\u003E\n        \u003Cfigure class=\u0022image--figure\u0022\u003E\n        \u003Cpicture\u003E\n                        \u003Csource srcset=\u0022\/sites\/default\/files\/styles\/teaser_standard__m\/public\/aurora\/2021\/10\/146498.jpeg.webp?itok=hLeFLTro 1x\u0022 media=\u0022(min-width: 48.0625em) and (max-width: 64em)\u0022 type=\u0022image\/webp\u0022 width=\u0022323\u0022 height=\u0022215\u0022\/\u003E\n                  \u003Csource srcset=\u0022\/sites\/default\/files\/styles\/teaser_standard__l\/public\/aurora\/2021\/10\/146498.jpeg.webp?itok=e_WTx9Od 1x\u0022 media=\u0022(min-width: 64.0625em)\u0022 type=\u0022image\/webp\u0022 width=\u0022203\u0022 height=\u0022135\u0022\/\u003E\n                  \u003Csource srcset=\u0022\/sites\/default\/files\/styles\/teaser_standard__m\/public\/aurora\/2021\/10\/146498.jpeg?itok=9mXQmy_P 1x\u0022 media=\u0022(min-width: 48.0625em) and (max-width: 64em)\u0022 type=\u0022image\/jpeg\u0022 width=\u0022323\u0022 height=\u0022215\u0022\/\u003E\n                  \u003Csource srcset=\u0022\/sites\/default\/files\/styles\/teaser_standard__l\/public\/aurora\/2021\/10\/146498.jpeg?itok=-cs5SRoP 1x\u0022 media=\u0022(min-width: 64.0625em)\u0022 type=\u0022image\/jpeg\u0022 width=\u0022203\u0022 height=\u0022135\u0022\/\u003E\n                          \u003Cimg alt=\u0022Die mobile Wasserstofftankstelle passt in einen Container.\u0022 loading=\u0022eager\u0022 data-caption-hide width=\u0022597\u0022 height=\u0022398\u0022 data-zoomed=\u0022https:\/\/www.erneuerbareenergien.de\/sites\/default\/files\/styles\/content__zoomed\/public\/aurora\/2021\/10\/146498.jpeg?itok=rDktdH7m\u0022 src=\u0022\/sites\/default\/files\/styles\/teaser_standard__s\/public\/aurora\/2021\/10\/146498.jpeg?itok=fauEOQo8\u0022 title=\u0022\u00a9 Westfalen AG, M\u00fcnster\n\u0022 \/\u003E\n\n    \u003C\/picture\u003E\n      \u003Cfigcaption class=\u0022image--figcaption\u0022\u003E\n          \u003Cdiv class=\u0022copyright\u0022\u003EWestfalen AG, M\u00fcnster\n\u003C\/div\u003E\n          \u003C\/figcaption\u003E\n\u003C\/figure\u003E\n\n\n    \u003C\/div\u003E\n    \u003Cdiv class=\u0022teaser-content\u0022\u003E\n                    \u003Cdiv class=\u0022teaser-content--kicker\u0022\u003E\n                     Westfalen Gruppe\n        \u003C\/div\u003E\n                                              \n                        \n        \u003Ch4 class=\u0022teaser-content--headline\u0022\u003E\n                                Mobile Wasserstofftankstelle kommt auf den \n                              \u003Cspan class=\u0022headline-last-word-arrow\u0022\u003EMarkt                      \u003C\/span\u003E\n        \u003C\/h4\u003E\n            \u003Cdiv class=\u0022teaser-content--publishing-date\u0022\u003E\u003Ctime datetime=\u00222021-10-20T06:00:02Z\u0022\u003E20.10.2021\u003C\/time\u003E\n\u003C\/div\u003E\u003Cspan class=\u0022teaser-content--publishing-date-divider\u0022\u003E - \u003C\/span\u003E\u003Cdiv class=\u0022teaser-content--body\u0022\u003E\u003Cp\u003ERentabel schon bei zwei Nutzfahrzeugen: Die Westfalen Gruppe will mit ihrer mobilen L\u00f6sung die Infrastruktur schnell ausbauen.\u003C\/p\u003E\n\u003C\/div\u003E\n                        \u003Cspan class=\u0022read-more-arrow-container\u0022\u003E\n            \u003Cspan class=\u0022read-more-angled-arrow\u0022\u003E \u003C\/span\u003E\n          \u003C\/span\u003E\n                  \u003C\/div\u003E\n    \u003C\/a\u003E\n\u003Ca href=\u0022\/technologie\/logistik\/heliox-baut-schnellladestationen-fuer-elektro-lkw-der-a2-auf\u0022  class=\u0022teaser teaser--standard\u0022 aria-label=\u0022Heliox baut Schnellladestationen f\u00fcr Elektro-Lkw an der A2 auf\u0022\u003E\n      \u003Cdiv class=\u0022teaser-content--image\u0022\u003E\n        \u003Cfigure class=\u0022image--figure\u0022\u003E\n        \u003Cpicture\u003E\n                        \u003Csource srcset=\u0022\/sites\/default\/files\/styles\/teaser_standard__m\/public\/aurora\/2021\/10\/143519.jpeg.webp?itok=3IEC4kx9 1x\u0022 media=\u0022(min-width: 48.0625em) and (max-width: 64em)\u0022 type=\u0022image\/webp\u0022 width=\u0022323\u0022 height=\u0022182\u0022\/\u003E\n                  \u003Csource srcset=\u0022\/sites\/default\/files\/styles\/teaser_standard__l\/public\/aurora\/2021\/10\/143519.jpeg.webp?itok=-Ehgcq12 1x\u0022 media=\u0022(min-width: 64.0625em)\u0022 type=\u0022image\/webp\u0022 width=\u0022203\u0022 height=\u0022114\u0022\/\u003E\n                  \u003Csource srcset=\u0022\/sites\/default\/files\/styles\/teaser_standard__m\/public\/aurora\/2021\/10\/143519.jpeg?itok=aqu9BWU4 1x\u0022 media=\u0022(min-width: 48.0625em) and (max-width: 64em)\u0022 type=\u0022image\/jpeg\u0022 width=\u0022323\u0022 height=\u0022182\u0022\/\u003E\n                  \u003Csource srcset=\u0022\/sites\/default\/files\/styles\/teaser_standard__l\/public\/aurora\/2021\/10\/143519.jpeg?itok=bwCzrKBO 1x\u0022 media=\u0022(min-width: 64.0625em)\u0022 type=\u0022image\/jpeg\u0022 width=\u0022203\u0022 height=\u0022114\u0022\/\u003E\n                          \u003Cimg alt=\u0022Die Vorreiter der Logistikbranche wie Gebr\u00fcder Weiss sind schon teilweise elektrisch unterwegs. Um den G\u00fcterverkehr in Zukunft mit Elektro-Lkw abzudecken, muss eine Ladeinfrastruktur her.\u0022 loading=\u0022eager\u0022 data-caption-hide width=\u0022708\u0022 height=\u0022398\u0022 data-zoomed=\u0022https:\/\/www.erneuerbareenergien.de\/sites\/default\/files\/styles\/content__zoomed\/public\/aurora\/2021\/10\/143519.jpeg?itok=j0OtXMlC\u0022 src=\u0022\/sites\/default\/files\/styles\/teaser_standard__s\/public\/aurora\/2021\/10\/143519.jpeg?itok=Dwmz4ZNQ\u0022 title=\u0022\u00a9 Gebr\u00fcder Weiss\/Jager\n\u0022 \/\u003E\n\n    \u003C\/picture\u003E\n      \u003Cfigcaption class=\u0022image--figcaption\u0022\u003E\n          \u003Cdiv class=\u0022copyright\u0022\u003EGebr\u00fcder Weiss\/Jager\n\u003C\/div\u003E\n          \u003C\/figcaption\u003E\n\u003C\/figure\u003E\n\n\n    \u003C\/div\u003E\n    \u003Cdiv class=\u0022teaser-content\u0022\u003E\n                    \u003Cdiv class=\u0022teaser-content--kicker\u0022\u003E\n                    \n        \u003C\/div\u003E\n                                              \n                        \n        \u003Ch4 class=\u0022teaser-content--headline\u0022\u003E\n                                Heliox baut Schnellladestationen f\u00fcr Elektro-Lkw an der A2 \n                              \u003Cspan class=\u0022headline-last-word-arrow\u0022\u003Eauf                      \u003C\/span\u003E\n        \u003C\/h4\u003E\n            \u003Cdiv class=\u0022teaser-content--publishing-date\u0022\u003E\u003Ctime datetime=\u00222021-10-07T12:30:02Z\u0022\u003E07.10.2021\u003C\/time\u003E\n\u003C\/div\u003E\u003Cspan class=\u0022teaser-content--publishing-date-divider\u0022\u003E - \u003C\/span\u003E\u003Cdiv class=\u0022teaser-content--body\u0022\u003E\u003Cp\u003EDie A2 von Berlin nach Dortmund soll zur Teststrecke f\u00fcr den elektrisch angetriebenen G\u00fcterverkehr werden. Dazu entsteht eine Infrastruktur f\u00fcr Elektro-Lkw in Form von Schnellladestationen.\u003C\/p\u003E\n\u003C\/div\u003E\n                        \u003Cspan class=\u0022read-more-arrow-container\u0022\u003E\n            \u003Cspan class=\u0022read-more-angled-arrow\u0022\u003E \u003C\/span\u003E\n          \u003C\/span\u003E\n                  \u003C\/div\u003E\n    \u003C\/a\u003E\n","entity_type":"node","used_ids":["",250327,250127,230027,225525,224040,215843,213102,210501,209284,205719,199589,195698,195414,185165,184650,183319,181895,181330,180839],"show_more":""}]